{"id":3321,"date":"2023-05-09T12:00:00","date_gmt":"2023-05-09T12:00:00","guid":{"rendered":"https:\/\/www.oabprev-rj.com.br\/wp\/?p=3321"},"modified":"2023-05-10T18:33:38","modified_gmt":"2023-05-10T18:33:38","slug":"taxas-dos-fundos-de-previdencia-que-voce-precisa-conhecer","status":"publish","type":"post","link":"https:\/\/www.oabprev-rj.com.br\/wp\/taxas-dos-fundos-de-previdencia-que-voce-precisa-conhecer\/","title":{"rendered":"3 taxas dos fundos de previd\u00eancia que voc\u00ea precisa conhecer"},"content":{"rendered":"\n<p>Voc\u00ea j\u00e1 pensou em investir em um fundo de previd\u00eancia?<\/p>\n\n\n\n<p>Ao longo dos \u00faltimos anos, em fun\u00e7\u00e3o das mudan\u00e7as nas regras de aposentadoria e das mudan\u00e7as na maneira como as pessoas se relacionam com suas finan\u00e7as, essa op\u00e7\u00e3o tem se tornado mais popular.<\/p>\n\n\n\n<p>No entanto, visto que todo investimento envolve riscos em algum grau, seja ele maior ou menor, precisamos falar sobre o que voc\u00ea deve analisar antes de contratar um plano de previd\u00eancia privada.<\/p>\n\n\n\n<p>No artigo de hoje, vamos falar sobre tr\u00eas taxas envolvidas nos planos de previd\u00eancia privada. Elas s\u00e3o as mais comuns do mercado e merecem aten\u00e7\u00e3o em fun\u00e7\u00e3o de sua influ\u00eancia nos custos dos planos de previd\u00eancia. S\u00e3o elas:<\/p>\n\n\n\n<ul class=\"wp-block-list\">\n<li>Taxa de administra\u00e7\u00e3o<\/li>\n\n\n\n<li>Taxa de carregamento<\/li>\n\n\n\n<li>Taxa de sa\u00edda<\/li>\n<\/ul>\n\n\n\n<p>Continue a ler e conhe\u00e7a o impacto dessas taxas impactam no seu plano de previd\u00eancia privada e, consequentemente, no seu investimento.<\/p>\n\n\n\n<h2 class=\"wp-block-heading\">Caracter\u00edsticas dos fundos de previd\u00eancia<\/h2>\n\n\n\n<p>Os fundos de previd\u00eancia s\u00e3o tipos de investimentos que, na maioria das vezes, tem como objetivo complementar a aposentadoria dos cotistas. Neles, os investidores fazem contribui\u00e7\u00f5es com o objetivo de acumular renda para projetos futuros. Esse tipo de fundo de investimento \u00e9 administrado por organiza\u00e7\u00f5es privadas, entre elas corretoras, seguradoras e bancos.<\/p>\n\n\n\n<p>No aspecto pr\u00e1tico, os fundos de previd\u00eancia s\u00e3o uma alternativa para quem busca realizar projetos futuros, sejam eles relacionados \u00e0 aposentadoria ou n\u00e3o. Eles podem ser contratados de forma independente e se enquadram na categoria de seguro.<\/p>\n\n\n\n<p>O funcionamento dos fundos de previd\u00eancia varia de acordo com a administradora. Por isso, antes de contratar um plano de previd\u00eancia privada, fique atento aos detalhes da op\u00e7\u00e3o que pretende escolher. Principalmente, em rela\u00e7\u00e3o \u00e0s taxas.<\/p>\n\n\n\n<h2 class=\"wp-block-heading\">Taxa de administra\u00e7\u00e3o<\/h2>\n\n\n\n<p>A taxa de administra\u00e7\u00e3o est\u00e1 relacionada ao custo de gest\u00e3o do fundo. Embora seja uma das mais comuns, \u00e9 importante ter aten\u00e7\u00e3o e observar se o valor essa cobran\u00e7a n\u00e3o est\u00e1 abusiva.<\/p>\n\n\n\n<p>O objetivo desse pagamento \u00e9 remunerar os administradores do fundo, ou seja, os profissionais que cuidam da gest\u00e3o do investimento.<\/p>\n\n\n\n<p>O custo da taxa de administra\u00e7\u00e3o varia conforme a complexidade do fundo de investimento contratado.<\/p>\n\n\n\n<h2 class=\"wp-block-heading\">Taxa de carregamento<\/h2>\n\n\n\n<p>Essa taxa \u00e9 cobrada sobre os aportes (contribui\u00e7\u00f5es) realizados. Nos contratos atuais, ela costuma variar entre 2% e 3%. Contudo, visto que n\u00e3o existe um valor unificado entre as administradoras, \u00e9 importante ter aten\u00e7\u00e3o a esse dado e ter em mente que o percentual dessa taxa incidir\u00e1 sobre o montante que voc\u00ea aplicar.<\/p>\n\n\n\n<p>Por exemplo, se voc\u00ea depositar R$ 5.000,00 e a taxa de carregamento do seu contrato for de 3%, R$ 150,00 do valor total ser\u00e3o destinados ao pagamento dessa al\u00edquota e o restante (R$ 4.850,00) corresponder\u00e1 ao montante aplicado.<\/p>\n\n\n\n<h2 class=\"wp-block-heading\">Taxa de sa\u00edda<\/h2>\n\n\n\n<p>A taxa de sa\u00edda corresponde ao valor cobrado em caso de retirada antecipada do investimento. Por outro lado, normalmente, ela incide nos casos em que h\u00e1 movimenta\u00e7\u00e3o nos primeiros anos de contrato, no per\u00edodo de car\u00eancia.<\/p>\n\n\n\n<p>De forma pr\u00e1tica, se a taxa de sa\u00edda do seu contrato for de 2% e o montante acumulado for de R$ 150.000,00, o valor a ser recebido por voc\u00ea \u00e9 de R$ 147.000,00. O restante fica na administradora como pagamento da taxa.<\/p>\n\n\n\n<h2 class=\"wp-block-heading\">Cuidados que voc\u00ea precisa ter ao contratar um plano de previd\u00eancia privada<\/h2>\n\n\n\n<p>Os planos de previd\u00eancia privada podem ser abertos para pessoas em qualquer idade e se assemelham a um seguro. Embora a associa\u00e7\u00e3o entre fundos de previd\u00eancia e aposentadoria seja muito comum, esse tipo de investimento n\u00e3o se restringe a essa finalidade.<\/p>\n\n\n\n<p>Na medida em que os planos oferecidos no mercado s\u00e3o distintos e pr\u00e9-definidos pelas administradoras, \u00e9 importante que o cliente esteja atento \u00e0s taxas envolvidas em seu contrato e tenha alguns cuidados. Confira dois deles a seguir.<\/p>\n\n\n\n<p>Os fundos de previd\u00eancia podem ser administrados por corretoras de investimento, bancos ou seguradoras. <a href=\"https:\/\/www.santander.com.br\/blog\/diferenca-previdencia-privada-e-social#:~:text=Com%20a%20previd%C3%AAncia%20social%20voc%C3%AA,definido%20no%20momento%20da%20contrata%C3%A7%C3%A3o.\" target=\"_blank\" rel=\"noreferrer noopener\">Diferente da Previd\u00eancia Social, eles n\u00e3o s\u00e3o regidos por regras governamentais<\/a>. Esse fato contribui para a competitividade no mercado e favorece o consumidor na hora de sua pesquisa.<\/p>\n\n\n\n<p>Este texto foi \u00fatil para voc\u00ea? Agora, continue a navegar por nossas not\u00edcias e saiba mais sobre como a previd\u00eancia privada pode te ajudar a alcan\u00e7ar seus projetos futuros.<\/p>\n\n\n\n<ul class=\"wp-block-list\">\n<li><a href=\"https:\/\/www.oabprev-rj.com.br\/wp\/previdencia-privada-e-protecao-familiar\/\" target=\"_blank\" rel=\"noreferrer noopener\">A previd\u00eancia privada e o cuidado com a sua fam\u00edlia<\/a><\/li>\n\n\n\n<li><a href=\"https:\/\/www.oabprev-rj.com.br\/wp\/noticias\/#:~:text=fevereiro%2028%2C%202023-,Voc%C3%AA%20conhece%20o%20plano%20de%20previd%C3%AAncia%20complementar%20da%20OABPrev%2DRJ%3F,-Voc%C3%AA%20conhece%20o\" target=\"_blank\" rel=\"noreferrer noopener\">Voc\u00ea conhece o plano de previd\u00eancia complementar da OABPrev-RJ?<\/a><\/li>\n\n\n\n<li><a href=\"https:\/\/www.oabprev-rj.com.br\/wp\/noticias\/#:~:text=8%20Vantagens%20de%20investir%20em%20um%20plano%20de%20previd%C3%AAncia%20privada\" target=\"_blank\" rel=\"noreferrer noopener\">Oito vantagens de investir em um plano de previd\u00eancia privada<\/a><\/li>\n\n\n\n<li><a href=\"https:\/\/www.oabprev-rj.com.br\/wp\/noticias\/page\/2\/#:~:text=Como%20n%C3%A3o%20cair%20em%20ciladas%20da%20previd%C3%AAncia%20privada%3F\" target=\"_blank\" rel=\"noreferrer noopener\">Como n\u00e3o cair em ciladas da previd\u00eancia privada?<\/a><\/li>\n<\/ul>\n","protected":false},"excerpt":{"rendered":"<p>Voc\u00ea j\u00e1 pensou em investir em um fundo de previd\u00eancia? Ao longo dos \u00faltimos anos, em fun\u00e7\u00e3o das mudan\u00e7as nas regras de aposentadoria e das mudan\u00e7as na maneira como as pessoas se relacionam com suas finan\u00e7as, essa op\u00e7\u00e3o tem se tornado mais popular. No entanto, visto que todo investimento envolve riscos em algum grau, seja [&hellip;]<\/p>\n","protected":false},"author":2,"featured_media":0,"comment_status":"open","ping_status":"open","sticky":false,"template":"","format":"standard","meta":{"rs_blank_template":"","rs_page_bg_color":"","slide_template_v7":"","_joinchat":[],"footnotes":""},"categories":[1],"tags":[],"class_list":["post-3321","post","type-post","status-publish","format-standard","hentry","category-uncategorized"],"yoast_head":"<!-- This site is optimized with the Yoast SEO plugin v27.4 - https:\/\/yoast.com\/product\/yoast-seo-wordpress\/ -->\n<title>3 taxas dos fundos de previd\u00eancia que voc\u00ea precisa conhecer - OAB Prev<\/title>\n<meta name=\"description\" content=\"Voc\u00ea conhece as taxas que incidem sobre seu plano de previd\u00eancia? Leia e entenda tr\u00eas que influenciam no fundo de previd\u00eancia contratado.\" \/>\n<meta name=\"robots\" content=\"index, follow, max-snippet:-1, max-image-preview:large, max-video-preview:-1\" \/>\n<link rel=\"canonical\" href=\"https:\/\/www.oabprev-rj.com.br\/wp\/taxas-dos-fundos-de-previdencia-que-voce-precisa-conhecer\/\" \/>\n<meta property=\"og:locale\" content=\"pt_BR\" \/>\n<meta property=\"og:type\" content=\"article\" \/>\n<meta property=\"og:title\" content=\"3 taxas dos fundos de previd\u00eancia que voc\u00ea precisa conhecer - OAB Prev\" \/>\n<meta property=\"og:description\" content=\"Voc\u00ea conhece as taxas que incidem sobre seu plano de previd\u00eancia? Leia e entenda tr\u00eas que influenciam no fundo de previd\u00eancia contratado.\" \/>\n<meta property=\"og:url\" content=\"https:\/\/www.oabprev-rj.com.br\/wp\/taxas-dos-fundos-de-previdencia-que-voce-precisa-conhecer\/\" \/>\n<meta property=\"og:site_name\" content=\"OAB Prev\" \/>\n<meta property=\"article:published_time\" content=\"2023-05-09T12:00:00+00:00\" \/>\n<meta property=\"article:modified_time\" content=\"2023-05-10T18:33:38+00:00\" \/>\n<meta name=\"author\" content=\"OABPrev-RJ\" \/>\n<meta name=\"twitter:card\" content=\"summary_large_image\" \/>\n<meta name=\"twitter:label1\" content=\"Escrito por\" \/>\n\t<meta name=\"twitter:data1\" content=\"OABPrev-RJ\" \/>\n\t<meta name=\"twitter:label2\" content=\"Est. tempo de leitura\" \/>\n\t<meta name=\"twitter:data2\" content=\"4 minutos\" \/>\n<script type=\"application\/ld+json\" class=\"yoast-schema-graph\">{\"@context\":\"https:\\\/\\\/schema.org\",\"@graph\":[{\"@type\":\"Article\",\"@id\":\"https:\\\/\\\/www.oabprev-rj.com.br\\\/wp\\\/taxas-dos-fundos-de-previdencia-que-voce-precisa-conhecer\\\/#article\",\"isPartOf\":{\"@id\":\"https:\\\/\\\/www.oabprev-rj.com.br\\\/wp\\\/taxas-dos-fundos-de-previdencia-que-voce-precisa-conhecer\\\/\"},\"author\":{\"name\":\"OABPrev-RJ\",\"@id\":\"https:\\\/\\\/www.oabprev-rj.com.br\\\/wp\\\/#\\\/schema\\\/person\\\/2ea75bac51da3800a86ab6e7c12a3aa5\"},\"headline\":\"3 taxas dos fundos de previd\u00eancia que voc\u00ea precisa conhecer\",\"datePublished\":\"2023-05-09T12:00:00+00:00\",\"dateModified\":\"2023-05-10T18:33:38+00:00\",\"mainEntityOfPage\":{\"@id\":\"https:\\\/\\\/www.oabprev-rj.com.br\\\/wp\\\/taxas-dos-fundos-de-previdencia-que-voce-precisa-conhecer\\\/\"},\"wordCount\":782,\"commentCount\":0,\"articleSection\":[\"Uncategorized\"],\"inLanguage\":\"pt-BR\",\"potentialAction\":[{\"@type\":\"CommentAction\",\"name\":\"Comment\",\"target\":[\"https:\\\/\\\/www.oabprev-rj.com.br\\\/wp\\\/taxas-dos-fundos-de-previdencia-que-voce-precisa-conhecer\\\/#respond\"]}]},{\"@type\":\"WebPage\",\"@id\":\"https:\\\/\\\/www.oabprev-rj.com.br\\\/wp\\\/taxas-dos-fundos-de-previdencia-que-voce-precisa-conhecer\\\/\",\"url\":\"https:\\\/\\\/www.oabprev-rj.com.br\\\/wp\\\/taxas-dos-fundos-de-previdencia-que-voce-precisa-conhecer\\\/\",\"name\":\"3 taxas dos fundos de previd\u00eancia que voc\u00ea precisa conhecer - OAB Prev\",\"isPartOf\":{\"@id\":\"https:\\\/\\\/www.oabprev-rj.com.br\\\/wp\\\/#website\"},\"datePublished\":\"2023-05-09T12:00:00+00:00\",\"dateModified\":\"2023-05-10T18:33:38+00:00\",\"author\":{\"@id\":\"https:\\\/\\\/www.oabprev-rj.com.br\\\/wp\\\/#\\\/schema\\\/person\\\/2ea75bac51da3800a86ab6e7c12a3aa5\"},\"description\":\"Voc\u00ea conhece as taxas que incidem sobre seu plano de previd\u00eancia? Leia e entenda tr\u00eas que influenciam no fundo de previd\u00eancia contratado.\",\"breadcrumb\":{\"@id\":\"https:\\\/\\\/www.oabprev-rj.com.br\\\/wp\\\/taxas-dos-fundos-de-previdencia-que-voce-precisa-conhecer\\\/#breadcrumb\"},\"inLanguage\":\"pt-BR\",\"potentialAction\":[{\"@type\":\"ReadAction\",\"target\":[\"https:\\\/\\\/www.oabprev-rj.com.br\\\/wp\\\/taxas-dos-fundos-de-previdencia-que-voce-precisa-conhecer\\\/\"]}]},{\"@type\":\"BreadcrumbList\",\"@id\":\"https:\\\/\\\/www.oabprev-rj.com.br\\\/wp\\\/taxas-dos-fundos-de-previdencia-que-voce-precisa-conhecer\\\/#breadcrumb\",\"itemListElement\":[{\"@type\":\"ListItem\",\"position\":1,\"name\":\"In\u00edcio\",\"item\":\"https:\\\/\\\/www.oabprev-rj.com.br\\\/wp\\\/\"},{\"@type\":\"ListItem\",\"position\":2,\"name\":\"3 taxas dos fundos de previd\u00eancia que voc\u00ea precisa conhecer\"}]},{\"@type\":\"WebSite\",\"@id\":\"https:\\\/\\\/www.oabprev-rj.com.br\\\/wp\\\/#website\",\"url\":\"https:\\\/\\\/www.oabprev-rj.com.br\\\/wp\\\/\",\"name\":\"OAB Prev\",\"description\":\"OAB Prev\",\"potentialAction\":[{\"@type\":\"SearchAction\",\"target\":{\"@type\":\"EntryPoint\",\"urlTemplate\":\"https:\\\/\\\/www.oabprev-rj.com.br\\\/wp\\\/?s={search_term_string}\"},\"query-input\":{\"@type\":\"PropertyValueSpecification\",\"valueRequired\":true,\"valueName\":\"search_term_string\"}}],\"inLanguage\":\"pt-BR\"},{\"@type\":\"Person\",\"@id\":\"https:\\\/\\\/www.oabprev-rj.com.br\\\/wp\\\/#\\\/schema\\\/person\\\/2ea75bac51da3800a86ab6e7c12a3aa5\",\"name\":\"OABPrev-RJ\",\"image\":{\"@type\":\"ImageObject\",\"inLanguage\":\"pt-BR\",\"@id\":\"https:\\\/\\\/secure.gravatar.com\\\/avatar\\\/a52c950ac5654352f4ee0344ac3b8d8df0dc639029a62c61195dd18b3a8de7fb?s=96&d=mm&r=g\",\"url\":\"https:\\\/\\\/secure.gravatar.com\\\/avatar\\\/a52c950ac5654352f4ee0344ac3b8d8df0dc639029a62c61195dd18b3a8de7fb?s=96&d=mm&r=g\",\"contentUrl\":\"https:\\\/\\\/secure.gravatar.com\\\/avatar\\\/a52c950ac5654352f4ee0344ac3b8d8df0dc639029a62c61195dd18b3a8de7fb?s=96&d=mm&r=g\",\"caption\":\"OABPrev-RJ\"},\"url\":\"https:\\\/\\\/www.oabprev-rj.com.br\\\/wp\\\/author\\\/oabprev-rj\\\/\"}]}<\/script>\n<!-- \/ Yoast SEO plugin. -->","yoast_head_json":{"title":"3 taxas dos fundos de previd\u00eancia que voc\u00ea precisa conhecer - OAB Prev","description":"Voc\u00ea conhece as taxas que incidem sobre seu plano de previd\u00eancia? Leia e entenda tr\u00eas que influenciam no fundo de previd\u00eancia contratado.","robots":{"index":"index","follow":"follow","max-snippet":"max-snippet:-1","max-image-preview":"max-image-preview:large","max-video-preview":"max-video-preview:-1"},"canonical":"https:\/\/www.oabprev-rj.com.br\/wp\/taxas-dos-fundos-de-previdencia-que-voce-precisa-conhecer\/","og_locale":"pt_BR","og_type":"article","og_title":"3 taxas dos fundos de previd\u00eancia que voc\u00ea precisa conhecer - OAB Prev","og_description":"Voc\u00ea conhece as taxas que incidem sobre seu plano de previd\u00eancia? Leia e entenda tr\u00eas que influenciam no fundo de previd\u00eancia contratado.","og_url":"https:\/\/www.oabprev-rj.com.br\/wp\/taxas-dos-fundos-de-previdencia-que-voce-precisa-conhecer\/","og_site_name":"OAB Prev","article_published_time":"2023-05-09T12:00:00+00:00","article_modified_time":"2023-05-10T18:33:38+00:00","author":"OABPrev-RJ","twitter_card":"summary_large_image","twitter_misc":{"Escrito por":"OABPrev-RJ","Est. tempo de leitura":"4 minutos"},"schema":{"@context":"https:\/\/schema.org","@graph":[{"@type":"Article","@id":"https:\/\/www.oabprev-rj.com.br\/wp\/taxas-dos-fundos-de-previdencia-que-voce-precisa-conhecer\/#article","isPartOf":{"@id":"https:\/\/www.oabprev-rj.com.br\/wp\/taxas-dos-fundos-de-previdencia-que-voce-precisa-conhecer\/"},"author":{"name":"OABPrev-RJ","@id":"https:\/\/www.oabprev-rj.com.br\/wp\/#\/schema\/person\/2ea75bac51da3800a86ab6e7c12a3aa5"},"headline":"3 taxas dos fundos de previd\u00eancia que voc\u00ea precisa conhecer","datePublished":"2023-05-09T12:00:00+00:00","dateModified":"2023-05-10T18:33:38+00:00","mainEntityOfPage":{"@id":"https:\/\/www.oabprev-rj.com.br\/wp\/taxas-dos-fundos-de-previdencia-que-voce-precisa-conhecer\/"},"wordCount":782,"commentCount":0,"articleSection":["Uncategorized"],"inLanguage":"pt-BR","potentialAction":[{"@type":"CommentAction","name":"Comment","target":["https:\/\/www.oabprev-rj.com.br\/wp\/taxas-dos-fundos-de-previdencia-que-voce-precisa-conhecer\/#respond"]}]},{"@type":"WebPage","@id":"https:\/\/www.oabprev-rj.com.br\/wp\/taxas-dos-fundos-de-previdencia-que-voce-precisa-conhecer\/","url":"https:\/\/www.oabprev-rj.com.br\/wp\/taxas-dos-fundos-de-previdencia-que-voce-precisa-conhecer\/","name":"3 taxas dos fundos de previd\u00eancia que voc\u00ea precisa conhecer - OAB Prev","isPartOf":{"@id":"https:\/\/www.oabprev-rj.com.br\/wp\/#website"},"datePublished":"2023-05-09T12:00:00+00:00","dateModified":"2023-05-10T18:33:38+00:00","author":{"@id":"https:\/\/www.oabprev-rj.com.br\/wp\/#\/schema\/person\/2ea75bac51da3800a86ab6e7c12a3aa5"},"description":"Voc\u00ea conhece as taxas que incidem sobre seu plano de previd\u00eancia? Leia e entenda tr\u00eas que influenciam no fundo de previd\u00eancia contratado.","breadcrumb":{"@id":"https:\/\/www.oabprev-rj.com.br\/wp\/taxas-dos-fundos-de-previdencia-que-voce-precisa-conhecer\/#breadcrumb"},"inLanguage":"pt-BR","potentialAction":[{"@type":"ReadAction","target":["https:\/\/www.oabprev-rj.com.br\/wp\/taxas-dos-fundos-de-previdencia-que-voce-precisa-conhecer\/"]}]},{"@type":"BreadcrumbList","@id":"https:\/\/www.oabprev-rj.com.br\/wp\/taxas-dos-fundos-de-previdencia-que-voce-precisa-conhecer\/#breadcrumb","itemListElement":[{"@type":"ListItem","position":1,"name":"In\u00edcio","item":"https:\/\/www.oabprev-rj.com.br\/wp\/"},{"@type":"ListItem","position":2,"name":"3 taxas dos fundos de previd\u00eancia que voc\u00ea precisa conhecer"}]},{"@type":"WebSite","@id":"https:\/\/www.oabprev-rj.com.br\/wp\/#website","url":"https:\/\/www.oabprev-rj.com.br\/wp\/","name":"OAB Prev","description":"OAB Prev","potentialAction":[{"@type":"SearchAction","target":{"@type":"EntryPoint","urlTemplate":"https:\/\/www.oabprev-rj.com.br\/wp\/?s={search_term_string}"},"query-input":{"@type":"PropertyValueSpecification","valueRequired":true,"valueName":"search_term_string"}}],"inLanguage":"pt-BR"},{"@type":"Person","@id":"https:\/\/www.oabprev-rj.com.br\/wp\/#\/schema\/person\/2ea75bac51da3800a86ab6e7c12a3aa5","name":"OABPrev-RJ","image":{"@type":"ImageObject","inLanguage":"pt-BR","@id":"https:\/\/secure.gravatar.com\/avatar\/a52c950ac5654352f4ee0344ac3b8d8df0dc639029a62c61195dd18b3a8de7fb?s=96&d=mm&r=g","url":"https:\/\/secure.gravatar.com\/avatar\/a52c950ac5654352f4ee0344ac3b8d8df0dc639029a62c61195dd18b3a8de7fb?s=96&d=mm&r=g","contentUrl":"https:\/\/secure.gravatar.com\/avatar\/a52c950ac5654352f4ee0344ac3b8d8df0dc639029a62c61195dd18b3a8de7fb?s=96&d=mm&r=g","caption":"OABPrev-RJ"},"url":"https:\/\/www.oabprev-rj.com.br\/wp\/author\/oabprev-rj\/"}]}},"_links":{"self":[{"href":"https:\/\/www.oabprev-rj.com.br\/wp\/wp-json\/wp\/v2\/posts\/3321","targetHints":{"allow":["GET"]}}],"collection":[{"href":"https:\/\/www.oabprev-rj.com.br\/wp\/wp-json\/wp\/v2\/posts"}],"about":[{"href":"https:\/\/www.oabprev-rj.com.br\/wp\/wp-json\/wp\/v2\/types\/post"}],"author":[{"embeddable":true,"href":"https:\/\/www.oabprev-rj.com.br\/wp\/wp-json\/wp\/v2\/users\/2"}],"replies":[{"embeddable":true,"href":"https:\/\/www.oabprev-rj.com.br\/wp\/wp-json\/wp\/v2\/comments?post=3321"}],"version-history":[{"count":1,"href":"https:\/\/www.oabprev-rj.com.br\/wp\/wp-json\/wp\/v2\/posts\/3321\/revisions"}],"predecessor-version":[{"id":3322,"href":"https:\/\/www.oabprev-rj.com.br\/wp\/wp-json\/wp\/v2\/posts\/3321\/revisions\/3322"}],"wp:attachment":[{"href":"https:\/\/www.oabprev-rj.com.br\/wp\/wp-json\/wp\/v2\/media?parent=3321"}],"wp:term":[{"taxonomy":"category","embeddable":true,"href":"https:\/\/www.oabprev-rj.com.br\/wp\/wp-json\/wp\/v2\/categories?post=3321"},{"taxonomy":"post_tag","embeddable":true,"href":"https:\/\/www.oabprev-rj.com.br\/wp\/wp-json\/wp\/v2\/tags?post=3321"}],"curies":[{"name":"wp","href":"https:\/\/api.w.org\/{rel}","templated":true}]}}