{"id":3206,"date":"2022-08-10T02:11:09","date_gmt":"2022-08-10T02:11:09","guid":{"rendered":"https:\/\/www.oabprev-rj.com.br\/wp\/?p=3206"},"modified":"2022-08-10T02:11:11","modified_gmt":"2022-08-10T02:11:11","slug":"plano-de-previdencia-privada-e-para-voce","status":"publish","type":"post","link":"https:\/\/www.oabprev-rj.com.br\/wp\/plano-de-previdencia-privada-e-para-voce\/","title":{"rendered":"O plano de previd\u00eancia privada \u00e9 uma op\u00e7\u00e3o relevante para voc\u00ea hoje?"},"content":{"rendered":"\n<p>Previd\u00eancia privada \u00e9 um assunto que gera muitas perguntas e \u00e9 motivo de debate entre os especialistas. Enquanto alguns dizem que ela n\u00e3o vale a pena, outros enxergam benef\u00edcios que outros tipos de investimentos n\u00e3o possuem.<\/p>\n\n\n\n<p>A pergunta que fica, ent\u00e3o, \u00e9: vale a pena ter um plano de previd\u00eancia privada nos dias de hoje?<\/p>\n\n\n\n<p>A resposta \u00e9 depende.<\/p>\n\n\n\n<ul class=\"wp-block-list\"><li>Quanto voc\u00ea entende sobre economia e investimentos?<\/li><li>Qual o seu grau de interesse pelo assunto?<\/li><li>Com a sua rotina agitada, voc\u00ea tem tempo de acompanhar a movimenta\u00e7\u00e3o do mercado financeiro?<\/li><li>Que alternativa deixaria sua fam\u00edlia suprida de maneira mais r\u00e1pida e menos burocr\u00e1tica caso voc\u00ea morra?<\/li><\/ul>\n\n\n\n<p>As respostas para essas e outras perguntas v\u00e3o te ajudar a entender se a previd\u00eancia privada \u00e9 uma boa estrat\u00e9gia de investimento no seu futuro ou se seria melhor buscar outras alternativas.<\/p>\n\n\n\n<p>Para te ajudar a encontrar algumas respostas, este texto vai falar sobre:<\/p>\n\n\n\n<ul class=\"wp-block-list\"><li>A diferen\u00e7a entre Previd\u00eancia Social e previd\u00eancia privada<\/li><li>Qual \u00e9 o melhor momento para come\u00e7ar o seu plano de previd\u00eancia privada<\/li><li>Os benef\u00edcios (pr\u00e1ticos) de ter um plano de previd\u00eancia privada<\/li><\/ul>\n\n\n\n<h2 class=\"wp-block-heading\">Previd\u00eancia Social e previd\u00eancia privada: qual a diferen\u00e7a?<\/h2>\n\n\n\n<p>Embora as duas express\u00f5es tenham a palavra previd\u00eancia, na pr\u00e1tica, elas s\u00e3o bastante diferentes.<\/p>\n\n\n\n<p>A Previd\u00eancia Social \u00e9 um seguro social destinado aos trabalhadores brasileiros e\/ou seus dependentes. Suas regras dependem de leis governamentais e&nbsp;<strong>a contribui\u00e7\u00e3o \u00e9 obrigat\u00f3ria<\/strong>.<\/p>\n\n\n\n<p>Ela entra em a\u00e7\u00e3o quando surge um impedimento para o trabalhador continuar profissionalmente ativo, seja por tempo determinado ou indeterminado. Al\u00e9m disso, a \u00fanica maneira de receber os benef\u00edcios \u00e9 em parcelas mensais. Aposentadoria, aux\u00edlio-doen\u00e7a e sal\u00e1rio maternidade s\u00e3o exemplos de pagamentos realizados pelo INSS.<\/p>\n\n\n\n<p>A previd\u00eancia privada, por outro lado, n\u00e3o \u00e9 regida pelo governo, mas por institui\u00e7\u00f5es financeiras com liberdade de oferecer produtos diferentes. Por isso,&nbsp;<strong>a escolha do plano de previd\u00eancia privada se torna uma decis\u00e3o pessoal<\/strong>.<\/p>\n\n\n\n<p>A contrata\u00e7\u00e3o de um plano de previd\u00eancia privada tem rela\u00e7\u00e3o direta com os objetivos do titular e os valores investidos tamb\u00e9m variam de acordo com esse aspecto.<\/p>\n\n\n\n<h2 class=\"wp-block-heading\">Previd\u00eancia Social ou previd\u00eancia privada: qual escolher?<\/h2>\n\n\n\n<p>Essa d\u00favida, por mais leg\u00edtima que seja, n\u00e3o faz sentido por algumas raz\u00f5es:<\/p>\n\n\n\n<ol class=\"wp-block-list\" type=\"1\"><li>A contribui\u00e7\u00e3o com a Previd\u00eancia Social \u00e9 obrigat\u00f3ria para os trabalhadores brasileiros.<\/li><li>A Previd\u00eancia Social est\u00e1 associada aos direitos do cidad\u00e3o.<\/li><li>A previd\u00eancia privada \u00e9 opcional e n\u00e3o tem rela\u00e7\u00e3o direta com decis\u00f5es governamentais.<\/li><\/ol>\n\n\n\n<p>Logo, a pergunta mais adequada seria:&nbsp;<strong>ter ou n\u00e3o ter um plano de previd\u00eancia privada para complementar a Previd\u00eancia Social?<\/strong><\/p>\n\n\n\n<p>Mais uma vez, a resposta \u00e9: depende.<\/p>\n\n\n\n<ul class=\"wp-block-list\"><li>O que voc\u00ea espera para a fase da aposentadoria?<\/li><li>Que padr\u00e3o de vida voc\u00ea pretende alcan\u00e7ar nessa fase da vida?<\/li><li>Se algo acontece com voc\u00ea hoje e voc\u00ea fica impedido de trabalhar, os valores pagos pelo INSS seriam suficientes para voc\u00ea manter seu padr\u00e3o de vida?<\/li><\/ul>\n\n\n\n<p>Se voc\u00ea disse n\u00e3o para alguma dessas quest\u00f5es, \u00e9 sinal de que, no seu caso, considerar uma renda complementar \u00e9 importante.<\/p>\n\n\n\n<h2 class=\"wp-block-heading\">Para quem \u00e9 a Previd\u00eancia Privada?<\/h2>\n\n\n\n<p>Ainda que seja muito comum <a href=\"https:\/\/www.oabprev-rj.com.br\/wp\/razoes-para-planejar-sua-aposentadoria\/\" target=\"_blank\" rel=\"noreferrer noopener\">associar a previd\u00eancia privada \u00e0 aposentadoria<\/a>, essa rela\u00e7\u00e3o n\u00e3o \u00e9 de exclusividade.<\/p>\n\n\n\n<p>Na medida em que a previd\u00eancia privada \u00e9 um tipo de investimento no futuro, ela pode come\u00e7ar a fazer parte da sua vida o mais cedo poss\u00edvel.<\/p>\n\n\n\n<p>Voc\u00ea pode fazer um plano de previd\u00eancia para o seu filho que acabou de nascer ou \u00e9 adolescente? Sim.<\/p>\n\n\n\n<p>Pode fazer um para o seu c\u00f4njuge de 30 ou 40 anos? Com certeza.<\/p>\n\n\n\n<p>E para voc\u00ea que j\u00e1 passou dos 40? Sim.<\/p>\n\n\n\n<p>Na medida em que a previd\u00eancia privada \u00e9 um tipo de investimento cujo montante acumulado engloba tanto o valor investido quanto o tempo de rendimento, a dica \u00e9 come\u00e7ar o mais cedo poss\u00edvel.<\/p>\n\n\n\n<h2 class=\"wp-block-heading\">Benef\u00edcios da previd\u00eancia privada<\/h2>\n\n\n\n<p>Investir em um plano de previd\u00eancia privada \u00e9 uma estrat\u00e9gia segura, rent\u00e1vel e flex\u00edvel para realizar projetos futuros. Essa \u00e9 uma excelente op\u00e7\u00e3o para quem pretende resgatar os valores acumulados a m\u00e9dio e longo prazos.<\/p>\n\n\n\n<p>Al\u00e9m disso, investir em um plano de previd\u00eancia privada tamb\u00e9m impacta no seu planejamento financeiro. Como os aportes podem ser feitos de maneira programada, essa decis\u00e3o tamb\u00e9m contribui para voc\u00ea desenvolver disciplina com rela\u00e7\u00e3o ao dinheiro.<\/p>\n\n\n\n<p>No que diz respeito \u00e0 Declara\u00e7\u00e3o do Imposto de Renda, o tipo de tributa\u00e7\u00e3o dos seus investimentos em previd\u00eancia privada tamb\u00e9m \u00e9 impactado por duas raz\u00f5es:<\/p>\n\n\n\n<ol class=\"wp-block-list\" type=\"1\"><li>A tributa\u00e7\u00e3o que incide sobre a sua declara\u00e7\u00e3o depende do regime do seu contrato.<\/li><li>Dependendo do plano de previd\u00eancia contratado, voc\u00ea pode se beneficiar do <a href=\"https:\/\/economia.ig.com.br\/2022-04-25\/previdencia-privada-como-declarar-no-imposto-de-renda.html\" target=\"_blank\" rel=\"noreferrer noopener\">abatimento no IR<\/a>.<\/li><\/ol>\n\n\n\n<p>Com rela\u00e7\u00e3o aos tr\u00e2mites burocr\u00e1ticos quando o titular morre, \u00e9 importante destacar que os planos de previd\u00eancia privada n\u00e3o s\u00e3o considerados no invent\u00e1rio ou nem est\u00e3o sujeitos ao imposto sobre heran\u00e7a.<\/p>\n\n\n\n<p>Por fim, um dos aspectos mais atraentes da previd\u00eancia privada \u00e9 o grau de liberdade que o titular do plano tem. Da mesma forma que ele pode escolher a institui\u00e7\u00e3o financeira cuja proposta pare\u00e7a mais adequada aos seus objetivos, ele tem a op\u00e7\u00e3o de mudar de mudar de administradora caso considere que a oferta de outra lhe atende melhor.<\/p>\n\n\n\n<p>Ent\u00e3o, no seu caso, vale a pena ter um plano de previd\u00eancia privada?<\/p>\n\n\n\n<p>Independente da resposta, voc\u00ea precisa come\u00e7ar a fazer uma coisa por voc\u00ea hoje: <a href=\"https:\/\/www.oabprev-rj.com.br\/wp\/motivos-para-investir-nos-seus-sonhos-hoje\/\" target=\"_blank\" rel=\"noreferrer noopener\">investir no seu futuro<\/a>.<\/p>\n","protected":false},"excerpt":{"rendered":"<p>Previd\u00eancia privada \u00e9 um assunto que gera muitas perguntas e \u00e9 motivo de debate entre os especialistas. Enquanto alguns dizem que ela n\u00e3o vale a pena, outros enxergam benef\u00edcios que outros tipos de investimentos n\u00e3o possuem. A pergunta que fica, ent\u00e3o, \u00e9: vale a pena ter um plano de previd\u00eancia privada nos dias de hoje? [&hellip;]<\/p>\n","protected":false},"author":2,"featured_media":2769,"comment_status":"open","ping_status":"open","sticky":false,"template":"","format":"standard","meta":{"rs_blank_template":"","rs_page_bg_color":"","slide_template_v7":"","_joinchat":[],"footnotes":""},"categories":[1],"tags":[],"class_list":["post-3206","post","type-post","status-publish","format-standard","has-post-thumbnail","hentry","category-uncategorized"],"yoast_head":"<!-- This site is optimized with the Yoast SEO plugin v27.4 - https:\/\/yoast.com\/product\/yoast-seo-wordpress\/ -->\n<title>Ter um plano de previd\u00eancia privada \u00e9 uma op\u00e7\u00e3o para voc\u00ea?<\/title>\n<meta name=\"description\" content=\"Ter um plano de previd\u00eancia privada \u00e9 relevante para voc\u00ea hoje? Leia e descubra se esse tipo de investimento faz sentido para os seus sonhos.\" \/>\n<meta name=\"robots\" content=\"index, follow, max-snippet:-1, max-image-preview:large, max-video-preview:-1\" \/>\n<link rel=\"canonical\" href=\"https:\/\/www.oabprev-rj.com.br\/wp\/plano-de-previdencia-privada-e-para-voce\/\" \/>\n<meta property=\"og:locale\" content=\"pt_BR\" \/>\n<meta property=\"og:type\" content=\"article\" \/>\n<meta property=\"og:title\" content=\"Ter um plano de previd\u00eancia privada \u00e9 uma op\u00e7\u00e3o para voc\u00ea?\" \/>\n<meta property=\"og:description\" content=\"Ter um plano de previd\u00eancia privada \u00e9 relevante para voc\u00ea hoje? Leia e descubra se esse tipo de investimento faz sentido para os seus sonhos.\" \/>\n<meta property=\"og:url\" content=\"https:\/\/www.oabprev-rj.com.br\/wp\/plano-de-previdencia-privada-e-para-voce\/\" \/>\n<meta property=\"og:site_name\" content=\"OAB Prev\" \/>\n<meta property=\"article:published_time\" content=\"2022-08-10T02:11:09+00:00\" \/>\n<meta property=\"article:modified_time\" content=\"2022-08-10T02:11:11+00:00\" \/>\n<meta property=\"og:image\" content=\"https:\/\/www.oabprev-rj.com.br\/wp\/wp-content\/uploads\/2021\/06\/pexels-startup-stock-photos-212286.jpg\" \/>\n\t<meta property=\"og:image:width\" content=\"320\" \/>\n\t<meta property=\"og:image:height\" content=\"213\" \/>\n\t<meta property=\"og:image:type\" content=\"image\/jpeg\" \/>\n<meta name=\"author\" content=\"OABPrev-RJ\" \/>\n<meta name=\"twitter:card\" content=\"summary_large_image\" \/>\n<meta name=\"twitter:label1\" content=\"Escrito por\" \/>\n\t<meta name=\"twitter:data1\" content=\"OABPrev-RJ\" \/>\n\t<meta name=\"twitter:label2\" content=\"Est. tempo de leitura\" \/>\n\t<meta name=\"twitter:data2\" content=\"5 minutos\" \/>\n<script type=\"application\/ld+json\" class=\"yoast-schema-graph\">{\"@context\":\"https:\\\/\\\/schema.org\",\"@graph\":[{\"@type\":\"Article\",\"@id\":\"https:\\\/\\\/www.oabprev-rj.com.br\\\/wp\\\/plano-de-previdencia-privada-e-para-voce\\\/#article\",\"isPartOf\":{\"@id\":\"https:\\\/\\\/www.oabprev-rj.com.br\\\/wp\\\/plano-de-previdencia-privada-e-para-voce\\\/\"},\"author\":{\"name\":\"OABPrev-RJ\",\"@id\":\"https:\\\/\\\/www.oabprev-rj.com.br\\\/wp\\\/#\\\/schema\\\/person\\\/2ea75bac51da3800a86ab6e7c12a3aa5\"},\"headline\":\"O plano de previd\u00eancia privada \u00e9 uma op\u00e7\u00e3o relevante para voc\u00ea hoje?\",\"datePublished\":\"2022-08-10T02:11:09+00:00\",\"dateModified\":\"2022-08-10T02:11:11+00:00\",\"mainEntityOfPage\":{\"@id\":\"https:\\\/\\\/www.oabprev-rj.com.br\\\/wp\\\/plano-de-previdencia-privada-e-para-voce\\\/\"},\"wordCount\":962,\"commentCount\":0,\"image\":{\"@id\":\"https:\\\/\\\/www.oabprev-rj.com.br\\\/wp\\\/plano-de-previdencia-privada-e-para-voce\\\/#primaryimage\"},\"thumbnailUrl\":\"https:\\\/\\\/www.oabprev-rj.com.br\\\/wp\\\/wp-content\\\/uploads\\\/2021\\\/06\\\/pexels-startup-stock-photos-212286.jpg\",\"articleSection\":[\"Uncategorized\"],\"inLanguage\":\"pt-BR\",\"potentialAction\":[{\"@type\":\"CommentAction\",\"name\":\"Comment\",\"target\":[\"https:\\\/\\\/www.oabprev-rj.com.br\\\/wp\\\/plano-de-previdencia-privada-e-para-voce\\\/#respond\"]}]},{\"@type\":\"WebPage\",\"@id\":\"https:\\\/\\\/www.oabprev-rj.com.br\\\/wp\\\/plano-de-previdencia-privada-e-para-voce\\\/\",\"url\":\"https:\\\/\\\/www.oabprev-rj.com.br\\\/wp\\\/plano-de-previdencia-privada-e-para-voce\\\/\",\"name\":\"Ter um plano de previd\u00eancia privada \u00e9 uma op\u00e7\u00e3o para voc\u00ea?\",\"isPartOf\":{\"@id\":\"https:\\\/\\\/www.oabprev-rj.com.br\\\/wp\\\/#website\"},\"primaryImageOfPage\":{\"@id\":\"https:\\\/\\\/www.oabprev-rj.com.br\\\/wp\\\/plano-de-previdencia-privada-e-para-voce\\\/#primaryimage\"},\"image\":{\"@id\":\"https:\\\/\\\/www.oabprev-rj.com.br\\\/wp\\\/plano-de-previdencia-privada-e-para-voce\\\/#primaryimage\"},\"thumbnailUrl\":\"https:\\\/\\\/www.oabprev-rj.com.br\\\/wp\\\/wp-content\\\/uploads\\\/2021\\\/06\\\/pexels-startup-stock-photos-212286.jpg\",\"datePublished\":\"2022-08-10T02:11:09+00:00\",\"dateModified\":\"2022-08-10T02:11:11+00:00\",\"author\":{\"@id\":\"https:\\\/\\\/www.oabprev-rj.com.br\\\/wp\\\/#\\\/schema\\\/person\\\/2ea75bac51da3800a86ab6e7c12a3aa5\"},\"description\":\"Ter um plano de previd\u00eancia privada \u00e9 relevante para voc\u00ea hoje? Leia e descubra se esse tipo de investimento faz sentido para os seus sonhos.\",\"breadcrumb\":{\"@id\":\"https:\\\/\\\/www.oabprev-rj.com.br\\\/wp\\\/plano-de-previdencia-privada-e-para-voce\\\/#breadcrumb\"},\"inLanguage\":\"pt-BR\",\"potentialAction\":[{\"@type\":\"ReadAction\",\"target\":[\"https:\\\/\\\/www.oabprev-rj.com.br\\\/wp\\\/plano-de-previdencia-privada-e-para-voce\\\/\"]}]},{\"@type\":\"ImageObject\",\"inLanguage\":\"pt-BR\",\"@id\":\"https:\\\/\\\/www.oabprev-rj.com.br\\\/wp\\\/plano-de-previdencia-privada-e-para-voce\\\/#primaryimage\",\"url\":\"https:\\\/\\\/www.oabprev-rj.com.br\\\/wp\\\/wp-content\\\/uploads\\\/2021\\\/06\\\/pexels-startup-stock-photos-212286.jpg\",\"contentUrl\":\"https:\\\/\\\/www.oabprev-rj.com.br\\\/wp\\\/wp-content\\\/uploads\\\/2021\\\/06\\\/pexels-startup-stock-photos-212286.jpg\",\"width\":320,\"height\":213,\"caption\":\"Ter um plano de previd\u00eancia privada \u00e9 relevante para voc\u00ea hoje? Leia e descubra se esse tipo de investimento faz sentido para os seus sonhos.\"},{\"@type\":\"BreadcrumbList\",\"@id\":\"https:\\\/\\\/www.oabprev-rj.com.br\\\/wp\\\/plano-de-previdencia-privada-e-para-voce\\\/#breadcrumb\",\"itemListElement\":[{\"@type\":\"ListItem\",\"position\":1,\"name\":\"In\u00edcio\",\"item\":\"https:\\\/\\\/www.oabprev-rj.com.br\\\/wp\\\/\"},{\"@type\":\"ListItem\",\"position\":2,\"name\":\"O plano de previd\u00eancia privada \u00e9 uma op\u00e7\u00e3o relevante para voc\u00ea hoje?\"}]},{\"@type\":\"WebSite\",\"@id\":\"https:\\\/\\\/www.oabprev-rj.com.br\\\/wp\\\/#website\",\"url\":\"https:\\\/\\\/www.oabprev-rj.com.br\\\/wp\\\/\",\"name\":\"OAB Prev\",\"description\":\"OAB Prev\",\"potentialAction\":[{\"@type\":\"SearchAction\",\"target\":{\"@type\":\"EntryPoint\",\"urlTemplate\":\"https:\\\/\\\/www.oabprev-rj.com.br\\\/wp\\\/?s={search_term_string}\"},\"query-input\":{\"@type\":\"PropertyValueSpecification\",\"valueRequired\":true,\"valueName\":\"search_term_string\"}}],\"inLanguage\":\"pt-BR\"},{\"@type\":\"Person\",\"@id\":\"https:\\\/\\\/www.oabprev-rj.com.br\\\/wp\\\/#\\\/schema\\\/person\\\/2ea75bac51da3800a86ab6e7c12a3aa5\",\"name\":\"OABPrev-RJ\",\"image\":{\"@type\":\"ImageObject\",\"inLanguage\":\"pt-BR\",\"@id\":\"https:\\\/\\\/secure.gravatar.com\\\/avatar\\\/a52c950ac5654352f4ee0344ac3b8d8df0dc639029a62c61195dd18b3a8de7fb?s=96&d=mm&r=g\",\"url\":\"https:\\\/\\\/secure.gravatar.com\\\/avatar\\\/a52c950ac5654352f4ee0344ac3b8d8df0dc639029a62c61195dd18b3a8de7fb?s=96&d=mm&r=g\",\"contentUrl\":\"https:\\\/\\\/secure.gravatar.com\\\/avatar\\\/a52c950ac5654352f4ee0344ac3b8d8df0dc639029a62c61195dd18b3a8de7fb?s=96&d=mm&r=g\",\"caption\":\"OABPrev-RJ\"},\"url\":\"https:\\\/\\\/www.oabprev-rj.com.br\\\/wp\\\/author\\\/oabprev-rj\\\/\"}]}<\/script>\n<!-- \/ Yoast SEO plugin. -->","yoast_head_json":{"title":"Ter um plano de previd\u00eancia privada \u00e9 uma op\u00e7\u00e3o para voc\u00ea?","description":"Ter um plano de previd\u00eancia privada \u00e9 relevante para voc\u00ea hoje? Leia e descubra se esse tipo de investimento faz sentido para os seus sonhos.","robots":{"index":"index","follow":"follow","max-snippet":"max-snippet:-1","max-image-preview":"max-image-preview:large","max-video-preview":"max-video-preview:-1"},"canonical":"https:\/\/www.oabprev-rj.com.br\/wp\/plano-de-previdencia-privada-e-para-voce\/","og_locale":"pt_BR","og_type":"article","og_title":"Ter um plano de previd\u00eancia privada \u00e9 uma op\u00e7\u00e3o para voc\u00ea?","og_description":"Ter um plano de previd\u00eancia privada \u00e9 relevante para voc\u00ea hoje? Leia e descubra se esse tipo de investimento faz sentido para os seus sonhos.","og_url":"https:\/\/www.oabprev-rj.com.br\/wp\/plano-de-previdencia-privada-e-para-voce\/","og_site_name":"OAB Prev","article_published_time":"2022-08-10T02:11:09+00:00","article_modified_time":"2022-08-10T02:11:11+00:00","og_image":[{"width":320,"height":213,"url":"https:\/\/www.oabprev-rj.com.br\/wp\/wp-content\/uploads\/2021\/06\/pexels-startup-stock-photos-212286.jpg","type":"image\/jpeg"}],"author":"OABPrev-RJ","twitter_card":"summary_large_image","twitter_misc":{"Escrito por":"OABPrev-RJ","Est. tempo de leitura":"5 minutos"},"schema":{"@context":"https:\/\/schema.org","@graph":[{"@type":"Article","@id":"https:\/\/www.oabprev-rj.com.br\/wp\/plano-de-previdencia-privada-e-para-voce\/#article","isPartOf":{"@id":"https:\/\/www.oabprev-rj.com.br\/wp\/plano-de-previdencia-privada-e-para-voce\/"},"author":{"name":"OABPrev-RJ","@id":"https:\/\/www.oabprev-rj.com.br\/wp\/#\/schema\/person\/2ea75bac51da3800a86ab6e7c12a3aa5"},"headline":"O plano de previd\u00eancia privada \u00e9 uma op\u00e7\u00e3o relevante para voc\u00ea hoje?","datePublished":"2022-08-10T02:11:09+00:00","dateModified":"2022-08-10T02:11:11+00:00","mainEntityOfPage":{"@id":"https:\/\/www.oabprev-rj.com.br\/wp\/plano-de-previdencia-privada-e-para-voce\/"},"wordCount":962,"commentCount":0,"image":{"@id":"https:\/\/www.oabprev-rj.com.br\/wp\/plano-de-previdencia-privada-e-para-voce\/#primaryimage"},"thumbnailUrl":"https:\/\/www.oabprev-rj.com.br\/wp\/wp-content\/uploads\/2021\/06\/pexels-startup-stock-photos-212286.jpg","articleSection":["Uncategorized"],"inLanguage":"pt-BR","potentialAction":[{"@type":"CommentAction","name":"Comment","target":["https:\/\/www.oabprev-rj.com.br\/wp\/plano-de-previdencia-privada-e-para-voce\/#respond"]}]},{"@type":"WebPage","@id":"https:\/\/www.oabprev-rj.com.br\/wp\/plano-de-previdencia-privada-e-para-voce\/","url":"https:\/\/www.oabprev-rj.com.br\/wp\/plano-de-previdencia-privada-e-para-voce\/","name":"Ter um plano de previd\u00eancia privada \u00e9 uma op\u00e7\u00e3o para voc\u00ea?","isPartOf":{"@id":"https:\/\/www.oabprev-rj.com.br\/wp\/#website"},"primaryImageOfPage":{"@id":"https:\/\/www.oabprev-rj.com.br\/wp\/plano-de-previdencia-privada-e-para-voce\/#primaryimage"},"image":{"@id":"https:\/\/www.oabprev-rj.com.br\/wp\/plano-de-previdencia-privada-e-para-voce\/#primaryimage"},"thumbnailUrl":"https:\/\/www.oabprev-rj.com.br\/wp\/wp-content\/uploads\/2021\/06\/pexels-startup-stock-photos-212286.jpg","datePublished":"2022-08-10T02:11:09+00:00","dateModified":"2022-08-10T02:11:11+00:00","author":{"@id":"https:\/\/www.oabprev-rj.com.br\/wp\/#\/schema\/person\/2ea75bac51da3800a86ab6e7c12a3aa5"},"description":"Ter um plano de previd\u00eancia privada \u00e9 relevante para voc\u00ea hoje? Leia e descubra se esse tipo de investimento faz sentido para os seus sonhos.","breadcrumb":{"@id":"https:\/\/www.oabprev-rj.com.br\/wp\/plano-de-previdencia-privada-e-para-voce\/#breadcrumb"},"inLanguage":"pt-BR","potentialAction":[{"@type":"ReadAction","target":["https:\/\/www.oabprev-rj.com.br\/wp\/plano-de-previdencia-privada-e-para-voce\/"]}]},{"@type":"ImageObject","inLanguage":"pt-BR","@id":"https:\/\/www.oabprev-rj.com.br\/wp\/plano-de-previdencia-privada-e-para-voce\/#primaryimage","url":"https:\/\/www.oabprev-rj.com.br\/wp\/wp-content\/uploads\/2021\/06\/pexels-startup-stock-photos-212286.jpg","contentUrl":"https:\/\/www.oabprev-rj.com.br\/wp\/wp-content\/uploads\/2021\/06\/pexels-startup-stock-photos-212286.jpg","width":320,"height":213,"caption":"Ter um plano de previd\u00eancia privada \u00e9 relevante para voc\u00ea hoje? Leia e descubra se esse tipo de investimento faz sentido para os seus sonhos."},{"@type":"BreadcrumbList","@id":"https:\/\/www.oabprev-rj.com.br\/wp\/plano-de-previdencia-privada-e-para-voce\/#breadcrumb","itemListElement":[{"@type":"ListItem","position":1,"name":"In\u00edcio","item":"https:\/\/www.oabprev-rj.com.br\/wp\/"},{"@type":"ListItem","position":2,"name":"O plano de previd\u00eancia privada \u00e9 uma op\u00e7\u00e3o relevante para voc\u00ea hoje?"}]},{"@type":"WebSite","@id":"https:\/\/www.oabprev-rj.com.br\/wp\/#website","url":"https:\/\/www.oabprev-rj.com.br\/wp\/","name":"OAB Prev","description":"OAB Prev","potentialAction":[{"@type":"SearchAction","target":{"@type":"EntryPoint","urlTemplate":"https:\/\/www.oabprev-rj.com.br\/wp\/?s={search_term_string}"},"query-input":{"@type":"PropertyValueSpecification","valueRequired":true,"valueName":"search_term_string"}}],"inLanguage":"pt-BR"},{"@type":"Person","@id":"https:\/\/www.oabprev-rj.com.br\/wp\/#\/schema\/person\/2ea75bac51da3800a86ab6e7c12a3aa5","name":"OABPrev-RJ","image":{"@type":"ImageObject","inLanguage":"pt-BR","@id":"https:\/\/secure.gravatar.com\/avatar\/a52c950ac5654352f4ee0344ac3b8d8df0dc639029a62c61195dd18b3a8de7fb?s=96&d=mm&r=g","url":"https:\/\/secure.gravatar.com\/avatar\/a52c950ac5654352f4ee0344ac3b8d8df0dc639029a62c61195dd18b3a8de7fb?s=96&d=mm&r=g","contentUrl":"https:\/\/secure.gravatar.com\/avatar\/a52c950ac5654352f4ee0344ac3b8d8df0dc639029a62c61195dd18b3a8de7fb?s=96&d=mm&r=g","caption":"OABPrev-RJ"},"url":"https:\/\/www.oabprev-rj.com.br\/wp\/author\/oabprev-rj\/"}]}},"_links":{"self":[{"href":"https:\/\/www.oabprev-rj.com.br\/wp\/wp-json\/wp\/v2\/posts\/3206","targetHints":{"allow":["GET"]}}],"collection":[{"href":"https:\/\/www.oabprev-rj.com.br\/wp\/wp-json\/wp\/v2\/posts"}],"about":[{"href":"https:\/\/www.oabprev-rj.com.br\/wp\/wp-json\/wp\/v2\/types\/post"}],"author":[{"embeddable":true,"href":"https:\/\/www.oabprev-rj.com.br\/wp\/wp-json\/wp\/v2\/users\/2"}],"replies":[{"embeddable":true,"href":"https:\/\/www.oabprev-rj.com.br\/wp\/wp-json\/wp\/v2\/comments?post=3206"}],"version-history":[{"count":1,"href":"https:\/\/www.oabprev-rj.com.br\/wp\/wp-json\/wp\/v2\/posts\/3206\/revisions"}],"predecessor-version":[{"id":3207,"href":"https:\/\/www.oabprev-rj.com.br\/wp\/wp-json\/wp\/v2\/posts\/3206\/revisions\/3207"}],"wp:featuredmedia":[{"embeddable":true,"href":"https:\/\/www.oabprev-rj.com.br\/wp\/wp-json\/wp\/v2\/media\/2769"}],"wp:attachment":[{"href":"https:\/\/www.oabprev-rj.com.br\/wp\/wp-json\/wp\/v2\/media?parent=3206"}],"wp:term":[{"taxonomy":"category","embeddable":true,"href":"https:\/\/www.oabprev-rj.com.br\/wp\/wp-json\/wp\/v2\/categories?post=3206"},{"taxonomy":"post_tag","embeddable":true,"href":"https:\/\/www.oabprev-rj.com.br\/wp\/wp-json\/wp\/v2\/tags?post=3206"}],"curies":[{"name":"wp","href":"https:\/\/api.w.org\/{rel}","templated":true}]}}