{"id":3174,"date":"2022-06-22T00:10:56","date_gmt":"2022-06-22T00:10:56","guid":{"rendered":"https:\/\/www.oabprev-rj.com.br\/wp\/?p=3174"},"modified":"2022-06-22T00:10:58","modified_gmt":"2022-06-22T00:10:58","slug":"beneficios-da-previdencia-privada-para-advogados","status":"publish","type":"post","link":"https:\/\/www.oabprev-rj.com.br\/wp\/beneficios-da-previdencia-privada-para-advogados\/","title":{"rendered":"Benef\u00edcios da previd\u00eancia privada para advogados"},"content":{"rendered":"\n<p>A aposentadoria \u00e9 um momentos da vida muito aguardado por grande parte das pessoas. Para alguns, ela representa um tempo de descanso. Para outros, a aposentadoria \u00e9 sinal de trabalhar menos, mas continuar produzindo.<\/p>\n\n\n\n<p>O que voc\u00ea, advogado, pretende fazer quando se aposentar?<\/p>\n\n\n\n<p>Independente da sua resposta, uma coisa \u00e9 fundamental: planejamento.<\/p>\n\n\n\n<p>O planejamento \u00e9 importante porque ajuda voc\u00ea a se preparar para alcan\u00e7ar suas metas, sem depender das leis governamentais que regulam a Previd\u00eancia Social. Nesse sentido, a previd\u00eancia privada aparece como um caminho para complementar a renda na fase da aposentadoria.<\/p>\n\n\n\n<p>Esse cen\u00e1rio permite enxergar a previd\u00eancia privada como um recurso a ser considerado tanto para um advogado celetista quanto para advogados aut\u00f4nomos.<\/p>\n\n\n\n<p>Como qualquer outro investimento, \u00e9 muito importante conhecer o que est\u00e1 envolvido no plano de previd\u00eancia privada. Essa \u00e9 a melhor forma de ajudar voc\u00ea a tomar as melhores decis\u00f5es. Por isso, ao longo deste texto, vamos falar sobre tr\u00eas&nbsp;<a href=\"https:\/\/blog.magnetis.com.br\/beneficios-previdencia-privada\/\">benef\u00edcios da previd\u00eancia privada<\/a>&nbsp;para advogados.<\/p>\n\n\n\n<h2 class=\"wp-block-heading\">3 benef\u00edcios da previd\u00eancia privada para aut\u00f4nomos<\/h2>\n\n\n\n<h3 class=\"wp-block-heading\">1. Voc\u00ea pode come\u00e7ar a investir a qualquer momento<\/h3>\n\n\n\n<p>N\u00e3o existe idade m\u00ednima para come\u00e7ar a investir em um plano de previd\u00eancia privada. Contudo, voc\u00ea precisa se lembrar que o montante investido \u00e9 fortemente influenciado pelo tempo que o dinheiro fica rendendo.<\/p>\n\n\n\n<p>Por isso, quatro perguntas s\u00e3o importantes:<\/p>\n\n\n\n<ol class=\"wp-block-list\" type=\"1\"><li>O que pretendo fazer com o dinheiro acumulado?<\/li><li>Quanto preciso ter na hora do resgate para realizar meu projeto?<\/li><li>Quanto tenho para come\u00e7ar a investir?<\/li><li>Em quanto tempo pretendo usar o dinheiro?<\/li><\/ol>\n\n\n\n<p>Para ser uma op\u00e7\u00e3o interessante, o plano de previd\u00eancia privada precisa ter tempo para render. Logo, quanto mais cedo voc\u00ea come\u00e7ar, melhor ser\u00e1.<\/p>\n\n\n\n<h3 class=\"wp-block-heading\">2. \u00c9 um produto de f\u00e1cil contrata\u00e7\u00e3o<\/h3>\n\n\n\n<p>Para contratar a previd\u00eancia privada, voc\u00ea precisa se informar sobre o plano que pretende adquirir e escolher uma administradora. Por isso, podemos dizer que o plano de previd\u00eancia privada \u00e9 um produto de f\u00e1cil contrata\u00e7\u00e3o.<\/p>\n\n\n\n<p>Ao contratar um plano de previd\u00eancia privada, um detalhe importante \u00e9 levar em considera\u00e7\u00e3o as taxas envolvidas.<\/p>\n\n\n\n<p>De maneira simples, os planos de previd\u00eancia envolvem taxas de administra\u00e7\u00e3o e de carregamento.<\/p>\n\n\n\n<p>A taxa de carregamento \u00e9 aquela que incide sobre os aportes realizados e se destina \u00e0 cobertura de despesas de corretagem e administra\u00e7\u00e3o. J\u00e1 a taxa administrativa \u00e9 aquela que voc\u00ea paga \u00e0 administradora para cuidar do seu plano de previd\u00eancia privada.<\/p>\n\n\n\n<p>O valor da taxa administrativa depende do grau de complexidade da administra\u00e7\u00e3o envolvida. Por isso, \u00e9 importante se informar bem antes da contrata\u00e7\u00e3o.<\/p>\n\n\n\n<h3 class=\"wp-block-heading\">3. O processo de sucess\u00e3o patrimonial \u00e9 menos burocr\u00e1tico e desgastante em compara\u00e7\u00e3o a um processo de invent\u00e1rio<\/h3>\n\n\n\n<p>Se voc\u00ea morresse agora, como ficaria a sua fam\u00edlia?<\/p>\n\n\n\n<p>Como as contas do final do m\u00eas seriam pagas?<\/p>\n\n\n\n<p>Seu c\u00f4njuge conseguiria manter o padr\u00e3o de vida que voc\u00eas t\u00eam hoje?<\/p>\n\n\n\n<p>N\u00e3o gostamos de pensar na morte, n\u00e3o \u00e9 verdade? No entanto, ela \u00e9 uma das poucas certezas da vida e, por isso, n\u00e3o deve ser ignorada. Ent\u00e3o, a pergunta que surge \u00e9: o que \u00e9 melhor?<\/p>\n\n\n\n<p>A. Ter a tranquilidade de saber que, se algo acontecer com voc\u00ea, sua fam\u00edlia estar\u00e1 segura e ter\u00e1 acesso ao dinheiro que voc\u00ea investiu sem muita burocracia.<\/p>\n\n\n\n<p>B. N\u00e3o saber como sua fam\u00edlia ficar\u00e1 caso alguma coisa aconte\u00e7a com voc\u00ea.<\/p>\n\n\n\n<p>Diferente do invent\u00e1rio, se o titular de um plano de previd\u00eancia privada falecer, o resgate do dinheiro acumulado n\u00e3o depende de autoriza\u00e7\u00e3o da justi\u00e7a. Isso acontece porque, no momento da contrata\u00e7\u00e3o, o cliente define quem poder\u00e1 movimentar o dinheiro caso ele morra.<\/p>\n\n\n\n<p>Um processo de invent\u00e1rio pode ser longo e, durante o tempo que estiver correndo, os bens envolvidos, inclusive a quantia dispon\u00edvel em uma conta banc\u00e1ria individual, n\u00e3o podem ser movimentados. Isso pode virar um problema na sua casa, principalmente se voc\u00ea for o principal provedor.<\/p>\n\n\n\n<h2 class=\"wp-block-heading\">Dicas para come\u00e7ar a investir em um plano de previd\u00eancia privada<\/h2>\n\n\n\n<ol class=\"wp-block-list\" type=\"1\"><li>Identifique os seus objetivos e em quanto tempo voc\u00ea pretende alcan\u00e7\u00e1-lo.<\/li><li>Olhe com cuidado para sua vida financeira e veja quanto voc\u00ea pode destinar hoje para investir no seu futuro.<\/li><li>Pesquise os planos oferecidos pelas administradoras e analisando qual deles se encaixa melhor no seu perfil e combina com seus objetivos.<\/li><\/ol>\n\n\n\n<p>Assim como o plano de previd\u00eancia infantil, o plano de previd\u00eancia privada para advogados n\u00e3o \u00e9 diferente dos demais. Contudo, ele pode ser oferecido por institui\u00e7\u00f5es que aceitam apenas advogados e seus dependentes, como a OABPrev-RJ.<\/p>\n\n\n\n<h2 class=\"wp-block-heading\">Por que escolher a OABPrev-RJ?<\/h2>\n\n\n\n<p>O plano da OABPrev-RJ \u00e9 destinado aos advogados do Estado do Rio de Janeiro e extensivo aos seus c\u00f4njuges e filhos de at\u00e9 21 anos.<\/p>\n\n\n\n<p>Esse fundo de pens\u00e3o sem fins lucrativos tem entre os seus principais valores:<\/p>\n\n\n\n<ul class=\"wp-block-list\"><li>O respeito por seus participantes, parceiros e funcion\u00e1rios.<\/li><li>A transpar\u00eancia e efici\u00eancia na gest\u00e3o dos recursos.<\/li><\/ul>\n\n\n\n<p>Al\u00e9m disso, ele trabalha para manter a satisfa\u00e7\u00e3o dos participantes, assistidos e instituidores, al\u00e9m de buscar aumentar a rentabilidade dos investimentos.<\/p>\n\n\n\n<p>Outro ponto importante sobre o RJPrev, plano oferecido pela OABPrev-RJ, \u00e9 o fato de ele estar de acordo com as regras determinadas pelo Governo Federal e \u00e9 submetido ao acompanhamento da Superintend\u00eancia Nacional de Previd\u00eancia Privada Complementar (Previc) constantemente.<\/p>\n\n\n\n<p>Para os participantes do RJPrev, algumas vantagens do plano s\u00e3o:<\/p>\n\n\n\n<ul class=\"wp-block-list\"><li>Acesso a uma gest\u00e3o transparente e eficaz dos seus recursos<\/li><li>Acesso a benef\u00edcios de aposentadoria e benef\u00edcios de riscos com foco na prote\u00e7\u00e3o familiar<\/li><li>Compartilhamento de informa\u00e7\u00f5es importantes sobre a gest\u00e3o dos recursos no site da OABPrev-RJ<\/li><li>Recebimento peri\u00f3dico de extratos referentes aos investimentos.<\/li><\/ul>\n\n\n\n<p>Investir em previd\u00eancia privada plano de previd\u00eancia privada \u00e9 uma forma de tirar seus projetos do papel. Que tal dar o primeiro passo agora?<\/p>\n\n\n\n<p>Se voc\u00ea se interessou pelo tema da previd\u00eancia privada para advogados, clique nos links abaixo e veja outros conte\u00fados relacionados \u00e0 previd\u00eancia privada.<\/p>\n\n\n\n<ul class=\"wp-block-list\"><li><a href=\"https:\/\/www.oabprev-rj.com.br\/wp\/cuidados-na-hora-de-escolher-um-plano-de-previdencia-privada\/\">O que voc\u00ea precisa saber antes de escolher um plano de previd\u00eancia privada?<\/a><\/li><li><a href=\"https:\/\/www.oabprev-rj.com.br\/wp\/previdencia-privada-ou-previdencia-social-qual-e-a-melhor\/\">Previd\u00eancia privada ou previd\u00eancia social: qual \u00e9 a melhor op\u00e7\u00e3o?<\/a><\/li><\/ul>\n","protected":false},"excerpt":{"rendered":"<p>A aposentadoria \u00e9 um momentos da vida muito aguardado por grande parte das pessoas. Para alguns, ela representa um tempo de descanso. Para outros, a aposentadoria \u00e9 sinal de trabalhar menos, mas continuar produzindo. O que voc\u00ea, advogado, pretende fazer quando se aposentar? Independente da sua resposta, uma coisa \u00e9 fundamental: planejamento. O planejamento \u00e9 [&hellip;]<\/p>\n","protected":false},"author":2,"featured_media":0,"comment_status":"open","ping_status":"open","sticky":false,"template":"","format":"standard","meta":{"rs_blank_template":"","rs_page_bg_color":"","slide_template_v7":"","_joinchat":[],"footnotes":""},"categories":[1],"tags":[],"class_list":["post-3174","post","type-post","status-publish","format-standard","hentry","category-uncategorized"],"yoast_head":"<!-- This site is optimized with the Yoast SEO plugin v27.4 - https:\/\/yoast.com\/product\/yoast-seo-wordpress\/ -->\n<title>Voc\u00ea conhece os benef\u00edcios da previd\u00eancia privada para advogados?<\/title>\n<meta name=\"description\" content=\"Voc\u00ea j\u00e1 parou para pensar nos benef\u00edcios da previd\u00eancia privada para advogados? Leia e descubra quais s\u00e3o.\" \/>\n<meta name=\"robots\" content=\"index, follow, max-snippet:-1, max-image-preview:large, max-video-preview:-1\" \/>\n<link rel=\"canonical\" href=\"https:\/\/www.oabprev-rj.com.br\/wp\/beneficios-da-previdencia-privada-para-advogados\/\" \/>\n<meta property=\"og:locale\" content=\"pt_BR\" \/>\n<meta property=\"og:type\" content=\"article\" \/>\n<meta property=\"og:title\" content=\"Voc\u00ea conhece os benef\u00edcios da previd\u00eancia privada para advogados?\" \/>\n<meta property=\"og:description\" content=\"Voc\u00ea j\u00e1 parou para pensar nos benef\u00edcios da previd\u00eancia privada para advogados? Leia e descubra quais s\u00e3o.\" \/>\n<meta property=\"og:url\" content=\"https:\/\/www.oabprev-rj.com.br\/wp\/beneficios-da-previdencia-privada-para-advogados\/\" \/>\n<meta property=\"og:site_name\" content=\"OAB Prev\" \/>\n<meta property=\"article:published_time\" content=\"2022-06-22T00:10:56+00:00\" \/>\n<meta property=\"article:modified_time\" content=\"2022-06-22T00:10:58+00:00\" \/>\n<meta name=\"author\" content=\"OABPrev-RJ\" \/>\n<meta name=\"twitter:card\" content=\"summary_large_image\" \/>\n<meta name=\"twitter:label1\" content=\"Escrito por\" \/>\n\t<meta name=\"twitter:data1\" content=\"OABPrev-RJ\" \/>\n\t<meta name=\"twitter:label2\" content=\"Est. tempo de leitura\" \/>\n\t<meta name=\"twitter:data2\" content=\"6 minutos\" \/>\n<script type=\"application\/ld+json\" class=\"yoast-schema-graph\">{\"@context\":\"https:\\\/\\\/schema.org\",\"@graph\":[{\"@type\":\"Article\",\"@id\":\"https:\\\/\\\/www.oabprev-rj.com.br\\\/wp\\\/beneficios-da-previdencia-privada-para-advogados\\\/#article\",\"isPartOf\":{\"@id\":\"https:\\\/\\\/www.oabprev-rj.com.br\\\/wp\\\/beneficios-da-previdencia-privada-para-advogados\\\/\"},\"author\":{\"name\":\"OABPrev-RJ\",\"@id\":\"https:\\\/\\\/www.oabprev-rj.com.br\\\/wp\\\/#\\\/schema\\\/person\\\/2ea75bac51da3800a86ab6e7c12a3aa5\"},\"headline\":\"Benef\u00edcios da previd\u00eancia privada para advogados\",\"datePublished\":\"2022-06-22T00:10:56+00:00\",\"dateModified\":\"2022-06-22T00:10:58+00:00\",\"mainEntityOfPage\":{\"@id\":\"https:\\\/\\\/www.oabprev-rj.com.br\\\/wp\\\/beneficios-da-previdencia-privada-para-advogados\\\/\"},\"wordCount\":1040,\"commentCount\":0,\"articleSection\":[\"Uncategorized\"],\"inLanguage\":\"pt-BR\",\"potentialAction\":[{\"@type\":\"CommentAction\",\"name\":\"Comment\",\"target\":[\"https:\\\/\\\/www.oabprev-rj.com.br\\\/wp\\\/beneficios-da-previdencia-privada-para-advogados\\\/#respond\"]}]},{\"@type\":\"WebPage\",\"@id\":\"https:\\\/\\\/www.oabprev-rj.com.br\\\/wp\\\/beneficios-da-previdencia-privada-para-advogados\\\/\",\"url\":\"https:\\\/\\\/www.oabprev-rj.com.br\\\/wp\\\/beneficios-da-previdencia-privada-para-advogados\\\/\",\"name\":\"Voc\u00ea conhece os benef\u00edcios da previd\u00eancia privada para advogados?\",\"isPartOf\":{\"@id\":\"https:\\\/\\\/www.oabprev-rj.com.br\\\/wp\\\/#website\"},\"datePublished\":\"2022-06-22T00:10:56+00:00\",\"dateModified\":\"2022-06-22T00:10:58+00:00\",\"author\":{\"@id\":\"https:\\\/\\\/www.oabprev-rj.com.br\\\/wp\\\/#\\\/schema\\\/person\\\/2ea75bac51da3800a86ab6e7c12a3aa5\"},\"description\":\"Voc\u00ea j\u00e1 parou para pensar nos benef\u00edcios da previd\u00eancia privada para advogados? Leia e descubra quais s\u00e3o.\",\"breadcrumb\":{\"@id\":\"https:\\\/\\\/www.oabprev-rj.com.br\\\/wp\\\/beneficios-da-previdencia-privada-para-advogados\\\/#breadcrumb\"},\"inLanguage\":\"pt-BR\",\"potentialAction\":[{\"@type\":\"ReadAction\",\"target\":[\"https:\\\/\\\/www.oabprev-rj.com.br\\\/wp\\\/beneficios-da-previdencia-privada-para-advogados\\\/\"]}]},{\"@type\":\"BreadcrumbList\",\"@id\":\"https:\\\/\\\/www.oabprev-rj.com.br\\\/wp\\\/beneficios-da-previdencia-privada-para-advogados\\\/#breadcrumb\",\"itemListElement\":[{\"@type\":\"ListItem\",\"position\":1,\"name\":\"In\u00edcio\",\"item\":\"https:\\\/\\\/www.oabprev-rj.com.br\\\/wp\\\/\"},{\"@type\":\"ListItem\",\"position\":2,\"name\":\"Benef\u00edcios da previd\u00eancia privada para advogados\"}]},{\"@type\":\"WebSite\",\"@id\":\"https:\\\/\\\/www.oabprev-rj.com.br\\\/wp\\\/#website\",\"url\":\"https:\\\/\\\/www.oabprev-rj.com.br\\\/wp\\\/\",\"name\":\"OAB Prev\",\"description\":\"OAB Prev\",\"potentialAction\":[{\"@type\":\"SearchAction\",\"target\":{\"@type\":\"EntryPoint\",\"urlTemplate\":\"https:\\\/\\\/www.oabprev-rj.com.br\\\/wp\\\/?s={search_term_string}\"},\"query-input\":{\"@type\":\"PropertyValueSpecification\",\"valueRequired\":true,\"valueName\":\"search_term_string\"}}],\"inLanguage\":\"pt-BR\"},{\"@type\":\"Person\",\"@id\":\"https:\\\/\\\/www.oabprev-rj.com.br\\\/wp\\\/#\\\/schema\\\/person\\\/2ea75bac51da3800a86ab6e7c12a3aa5\",\"name\":\"OABPrev-RJ\",\"image\":{\"@type\":\"ImageObject\",\"inLanguage\":\"pt-BR\",\"@id\":\"https:\\\/\\\/secure.gravatar.com\\\/avatar\\\/a52c950ac5654352f4ee0344ac3b8d8df0dc639029a62c61195dd18b3a8de7fb?s=96&d=mm&r=g\",\"url\":\"https:\\\/\\\/secure.gravatar.com\\\/avatar\\\/a52c950ac5654352f4ee0344ac3b8d8df0dc639029a62c61195dd18b3a8de7fb?s=96&d=mm&r=g\",\"contentUrl\":\"https:\\\/\\\/secure.gravatar.com\\\/avatar\\\/a52c950ac5654352f4ee0344ac3b8d8df0dc639029a62c61195dd18b3a8de7fb?s=96&d=mm&r=g\",\"caption\":\"OABPrev-RJ\"},\"url\":\"https:\\\/\\\/www.oabprev-rj.com.br\\\/wp\\\/author\\\/oabprev-rj\\\/\"}]}<\/script>\n<!-- \/ Yoast SEO plugin. -->","yoast_head_json":{"title":"Voc\u00ea conhece os benef\u00edcios da previd\u00eancia privada para advogados?","description":"Voc\u00ea j\u00e1 parou para pensar nos benef\u00edcios da previd\u00eancia privada para advogados? Leia e descubra quais s\u00e3o.","robots":{"index":"index","follow":"follow","max-snippet":"max-snippet:-1","max-image-preview":"max-image-preview:large","max-video-preview":"max-video-preview:-1"},"canonical":"https:\/\/www.oabprev-rj.com.br\/wp\/beneficios-da-previdencia-privada-para-advogados\/","og_locale":"pt_BR","og_type":"article","og_title":"Voc\u00ea conhece os benef\u00edcios da previd\u00eancia privada para advogados?","og_description":"Voc\u00ea j\u00e1 parou para pensar nos benef\u00edcios da previd\u00eancia privada para advogados? Leia e descubra quais s\u00e3o.","og_url":"https:\/\/www.oabprev-rj.com.br\/wp\/beneficios-da-previdencia-privada-para-advogados\/","og_site_name":"OAB Prev","article_published_time":"2022-06-22T00:10:56+00:00","article_modified_time":"2022-06-22T00:10:58+00:00","author":"OABPrev-RJ","twitter_card":"summary_large_image","twitter_misc":{"Escrito por":"OABPrev-RJ","Est. tempo de leitura":"6 minutos"},"schema":{"@context":"https:\/\/schema.org","@graph":[{"@type":"Article","@id":"https:\/\/www.oabprev-rj.com.br\/wp\/beneficios-da-previdencia-privada-para-advogados\/#article","isPartOf":{"@id":"https:\/\/www.oabprev-rj.com.br\/wp\/beneficios-da-previdencia-privada-para-advogados\/"},"author":{"name":"OABPrev-RJ","@id":"https:\/\/www.oabprev-rj.com.br\/wp\/#\/schema\/person\/2ea75bac51da3800a86ab6e7c12a3aa5"},"headline":"Benef\u00edcios da previd\u00eancia privada para advogados","datePublished":"2022-06-22T00:10:56+00:00","dateModified":"2022-06-22T00:10:58+00:00","mainEntityOfPage":{"@id":"https:\/\/www.oabprev-rj.com.br\/wp\/beneficios-da-previdencia-privada-para-advogados\/"},"wordCount":1040,"commentCount":0,"articleSection":["Uncategorized"],"inLanguage":"pt-BR","potentialAction":[{"@type":"CommentAction","name":"Comment","target":["https:\/\/www.oabprev-rj.com.br\/wp\/beneficios-da-previdencia-privada-para-advogados\/#respond"]}]},{"@type":"WebPage","@id":"https:\/\/www.oabprev-rj.com.br\/wp\/beneficios-da-previdencia-privada-para-advogados\/","url":"https:\/\/www.oabprev-rj.com.br\/wp\/beneficios-da-previdencia-privada-para-advogados\/","name":"Voc\u00ea conhece os benef\u00edcios da previd\u00eancia privada para advogados?","isPartOf":{"@id":"https:\/\/www.oabprev-rj.com.br\/wp\/#website"},"datePublished":"2022-06-22T00:10:56+00:00","dateModified":"2022-06-22T00:10:58+00:00","author":{"@id":"https:\/\/www.oabprev-rj.com.br\/wp\/#\/schema\/person\/2ea75bac51da3800a86ab6e7c12a3aa5"},"description":"Voc\u00ea j\u00e1 parou para pensar nos benef\u00edcios da previd\u00eancia privada para advogados? Leia e descubra quais s\u00e3o.","breadcrumb":{"@id":"https:\/\/www.oabprev-rj.com.br\/wp\/beneficios-da-previdencia-privada-para-advogados\/#breadcrumb"},"inLanguage":"pt-BR","potentialAction":[{"@type":"ReadAction","target":["https:\/\/www.oabprev-rj.com.br\/wp\/beneficios-da-previdencia-privada-para-advogados\/"]}]},{"@type":"BreadcrumbList","@id":"https:\/\/www.oabprev-rj.com.br\/wp\/beneficios-da-previdencia-privada-para-advogados\/#breadcrumb","itemListElement":[{"@type":"ListItem","position":1,"name":"In\u00edcio","item":"https:\/\/www.oabprev-rj.com.br\/wp\/"},{"@type":"ListItem","position":2,"name":"Benef\u00edcios da previd\u00eancia privada para advogados"}]},{"@type":"WebSite","@id":"https:\/\/www.oabprev-rj.com.br\/wp\/#website","url":"https:\/\/www.oabprev-rj.com.br\/wp\/","name":"OAB Prev","description":"OAB Prev","potentialAction":[{"@type":"SearchAction","target":{"@type":"EntryPoint","urlTemplate":"https:\/\/www.oabprev-rj.com.br\/wp\/?s={search_term_string}"},"query-input":{"@type":"PropertyValueSpecification","valueRequired":true,"valueName":"search_term_string"}}],"inLanguage":"pt-BR"},{"@type":"Person","@id":"https:\/\/www.oabprev-rj.com.br\/wp\/#\/schema\/person\/2ea75bac51da3800a86ab6e7c12a3aa5","name":"OABPrev-RJ","image":{"@type":"ImageObject","inLanguage":"pt-BR","@id":"https:\/\/secure.gravatar.com\/avatar\/a52c950ac5654352f4ee0344ac3b8d8df0dc639029a62c61195dd18b3a8de7fb?s=96&d=mm&r=g","url":"https:\/\/secure.gravatar.com\/avatar\/a52c950ac5654352f4ee0344ac3b8d8df0dc639029a62c61195dd18b3a8de7fb?s=96&d=mm&r=g","contentUrl":"https:\/\/secure.gravatar.com\/avatar\/a52c950ac5654352f4ee0344ac3b8d8df0dc639029a62c61195dd18b3a8de7fb?s=96&d=mm&r=g","caption":"OABPrev-RJ"},"url":"https:\/\/www.oabprev-rj.com.br\/wp\/author\/oabprev-rj\/"}]}},"_links":{"self":[{"href":"https:\/\/www.oabprev-rj.com.br\/wp\/wp-json\/wp\/v2\/posts\/3174","targetHints":{"allow":["GET"]}}],"collection":[{"href":"https:\/\/www.oabprev-rj.com.br\/wp\/wp-json\/wp\/v2\/posts"}],"about":[{"href":"https:\/\/www.oabprev-rj.com.br\/wp\/wp-json\/wp\/v2\/types\/post"}],"author":[{"embeddable":true,"href":"https:\/\/www.oabprev-rj.com.br\/wp\/wp-json\/wp\/v2\/users\/2"}],"replies":[{"embeddable":true,"href":"https:\/\/www.oabprev-rj.com.br\/wp\/wp-json\/wp\/v2\/comments?post=3174"}],"version-history":[{"count":1,"href":"https:\/\/www.oabprev-rj.com.br\/wp\/wp-json\/wp\/v2\/posts\/3174\/revisions"}],"predecessor-version":[{"id":3175,"href":"https:\/\/www.oabprev-rj.com.br\/wp\/wp-json\/wp\/v2\/posts\/3174\/revisions\/3175"}],"wp:attachment":[{"href":"https:\/\/www.oabprev-rj.com.br\/wp\/wp-json\/wp\/v2\/media?parent=3174"}],"wp:term":[{"taxonomy":"category","embeddable":true,"href":"https:\/\/www.oabprev-rj.com.br\/wp\/wp-json\/wp\/v2\/categories?post=3174"},{"taxonomy":"post_tag","embeddable":true,"href":"https:\/\/www.oabprev-rj.com.br\/wp\/wp-json\/wp\/v2\/tags?post=3174"}],"curies":[{"name":"wp","href":"https:\/\/api.w.org\/{rel}","templated":true}]}}