{"id":2151,"date":"2020-11-18T00:45:19","date_gmt":"2020-11-18T00:45:19","guid":{"rendered":"http:\/\/www.oabprev-rj.com.br\/wp\/?p=2151"},"modified":"2020-11-18T00:45:19","modified_gmt":"2020-11-18T00:45:19","slug":"comunicado-importante-3","status":"publish","type":"post","link":"https:\/\/www.oabprev-rj.com.br\/wp\/comunicado-importante-3\/","title":{"rendered":"COMUNICADO IMPORTANTE"},"content":{"rendered":"<p>\nRio de Janeiro, 17 de novembro de 2020<\/p>\n<p>Prezado(a) participante ou assistido(a),<br \/>\nAssunto: Transfer\u00eancia de Gerenciamento do Plano<br \/>\nComunicamos que, atrav\u00e9s do Of\u00edcio Conjunto OAB-RJ\/CAARJ\/GAB\/PRESI n\u00ba 011\/2020, ambas as Instituidoras, OAB-RJ e CAARJ formalizaram a sua decis\u00e3o de transferir o gerenciamento do Plano Previdenci\u00e1rio \u201cRJ-Prev\u201d para outra Entidade Fechada de Previd\u00eancia Complementar, denominada \u201cFunda\u00e7\u00e3o Fam\u00edlia Previd\u00eancia\u201d.<br \/>\nA OABPrev-RJ est\u00e1 participando do processo de transfer\u00eancia de gerenciamento e cumprir\u00e1 todas as etapas estabelecidas pela legisla\u00e7\u00e3o, conforme Resolu\u00e7\u00e3o CNPC n\u00ba 25, de 13 de setembro de 2017 e Portaria PREVIC \/ DILIC, de 13 de setembro de 2018.<br \/>\nA primeira etapa do processo de transfer\u00eancia pode durar at\u00e9 180 dias para ser conclu\u00eddo e protocolado para aprova\u00e7\u00e3o junto ao \u00f3rg\u00e3o regulador PREVIC que, ap\u00f3s an\u00e1lise do pedido, autorizar\u00e1 a transfer\u00eancia. Durante este per\u00edodo, a OABPrev-RJ continuar\u00e1 administrando os recursos do Plano Previdenci\u00e1rio.<br \/>\nEm atendimento \u00e0s disposi\u00e7\u00f5es previstas no art. 3\u00ba da Resolu\u00e7\u00e3o CNPC n\u00ba 25\/2017, publicada no DOU em 03\/04\/2018, segue abaixo as informa\u00e7\u00f5es prestadas pelas Instituidoras. <\/p>\n<p> ____________________________________________<\/p>\n<p>Informa\u00e7\u00f5es comparativas entre os planos<br \/>\nna forma prevista pelo art. 3\u00ba da Resolu\u00e7\u00e3o CNPC n\u00ba 25\/2017<\/p>\n<p>Fato relevante n\u00ba 1 &#8211; Todos os n\u00fameros a seguir foram apresentados pelas Instituidoras OAB\/RJ E CAARJ no of\u00edcio N\u00ba OAB-RJ\/CAARJ\/GAB\/PRESI n\u00ba 012\/2020, de 30 de outubro de 2020, n\u00e3o tendo sido formulados pela OABPrev-RJ.<\/p>\n<p>Fato relevante n\u00ba 2 &#8211; Todos os n\u00fameros a seguir foram apresentados pelas Instituidoras OAB\/RJ E CAARJ com data base de dezembro de 2019, sofrendo varia\u00e7\u00f5es desde ent\u00e3o.<\/p>\n<p>1.      Comparativo entre as entidades de origem e destino<\/p>\n<p>Apresenta-se abaixo o quadro comparativo entre as entidades de origem e destino:<\/p>\n<p>Data Base: 31\/12\/2019<br \/>\nPANORAMA GERAL DAS ENTIDADES<br \/>\nDESCRI\u00c7\u00c3O\tOAB PREV RJ\tFAM\u00cdLIA PREVID\u00caNCIA<br \/>\nPatrim\u00f4nio Social (em R$ milh\u00f5es)\t115\t7.445<br \/>\nParticipantes\t7.848\t17.960<br \/>\nN\u00famero de Planos de benef\u00edcios previdenci\u00e1rios Administrados\t1\t12<br \/>\nPlano para Compara\u00e7\u00e3o\tPlano de Benef\u00edcios Previdenci\u00e1rios do Advogado do Rio de Janeiro \u2013 RJPrev\tPlano Fam\u00edlia<br \/>\nPrevid\u00eancia Associativo<br \/>\nCNPB\t2006.0057-74\t2010.0042-56<\/p>\n<p>Neste estudo, o PLANO FAM\u00cdLIA PREVID\u00caNCIA ASSOCIATIVO ser\u00e1 utilizado como base comparativa, visto que apresenta estrutura similar ao PLANO DE BENEF\u00cdCIOS PREVIDENCI\u00c1RIOS DO ADVOGADO DO RIO DE JANEIRO \u2013 RJPREV.<\/p>\n<p>2.      Comparativo do plano de gest\u00e3o administrativa das entidades de origem e destino<\/p>\n<p>Para efetuarmos a compara\u00e7\u00e3o dos custos e despesas administrativos, apresentamos abaixo a Demonstra\u00e7\u00e3o do Plano de Gest\u00e3o Administrativa das Entidades.<\/p>\n<p>Data Base: 31\/12\/2019<br \/>\nDEMONSTRA\u00c7\u00c3O DO PLANO DE GEST\u00c3O ADMINISTRATIVA \u2013 ENTIDADES (em  R$ mil)<br \/>\nDESCRI\u00c7\u00c3O\tOAB PREV RJ\tFAM\u00cdLIA PREVID\u00caNCIA<br \/>\n1\tCusteio da Gest\u00e3o Administrativa\t5.639\t68.391<br \/>\n2\tDespesas Administrativas\t-5.329\t-19.316<br \/>\n2.1\t   Administra\u00e7\u00e3o Previdencial\t-5.183\t-8.878<br \/>\n2.2\t   Administra\u00e7\u00e3o dos Investimentos\t-146\t-10.438<br \/>\n2.3\t   Outras Despesas\t0\t0<br \/>\n3\tConstitui\u00e7\u00e3o\/Revers\u00e3o de Conting\u00eancias Administrativas\t0\t-209<br \/>\n4\tResultado Negativo L\u00edquido dos Investimentos\t-3\t-4.003<br \/>\n5\tSobra\/Insufici\u00eancia da Gest\u00e3o Administrativa (1+2+3+4)\t307\t23.304<br \/>\n6\tConstitui\u00e7\u00e3o\/Revers\u00e3o do Fundo Administrativo (5)\t307\t23.304<\/p>\n<p>3.      Comparativo do plano de gest\u00e3o administrativa dos planos de benef\u00edcios<\/p>\n<p>Seguindo a estrutura de compara\u00e7\u00e3o, apresenta-se abaixo a Demonstra\u00e7\u00e3o do Plano de Gest\u00e3o Administrativa dos Planos de Benef\u00edcios.<\/p>\n<p>Data Base: 31\/12\/2019<br \/>\nDEMONSTRA\u00c7\u00c3O DO PLANO DE GEST\u00c3O ADMINISTRATIVA \u2013 PLANOS (em  R$ mil)<br \/>\nDESCRI\u00c7\u00c3O\tPLANO OAB<br \/>\n PREV RJ\tPLANO FAM\u00cdLIA ASSOCIATIVA<br \/>\nA\tFundo Administrativo do Exerc\u00edcio Anterior\t373\t88<br \/>\n1\tCusteio da Gest\u00e3o Administrativa\t5.639\t223<br \/>\n2\tDespesas Administrativas\t-5.329\t-53<br \/>\n2.1\tAdministra\u00e7\u00e3o Previdencial\t-5.183\t-41<br \/>\n2.2\tAdministra\u00e7\u00e3o dos Investimentos\t-146\t-9<br \/>\n2.3\tOutras Despesas\t0\t-3<br \/>\n3\tConstitui\u00e7\u00e3o\/Revers\u00e3o de Conting\u00eancias Administrativas\t0\t0<br \/>\n4\tResultado Negativo L\u00edquido dos Investimentos\t-3\t-4<br \/>\n5\tSobra\/Insufici\u00eancia da Gest\u00e3o Administrativa (1+2+3+4)\t307\t166<br \/>\n6\tConstitui\u00e7\u00e3o\/Revers\u00e3o do Fundo Administrativo (5)\t307\t166<br \/>\nB\tFundo Administrativo do Exerc\u00edcio Atual (A+6)\t680\t254<\/p>\n<p>4.      Comparativo da muta\u00e7\u00e3o do ativo l\u00edquido dos planos de benef\u00edcios<\/p>\n<p>Apresenta-se abaixo a estrutura de compara\u00e7\u00e3o da Demonstra\u00e7\u00e3o da Muta\u00e7\u00e3o do Ativo L\u00edquido dos Planos de Benef\u00edcios.<\/p>\n<p>Data Base: 31\/12\/2019<br \/>\nDEMONSTRA\u00c7\u00c3O DA MUTA\u00c7\u00c3O DO ATIVO L\u00cdQUIDO (em  R$ mil)<br \/>\nDESCRI\u00c7\u00c3O\tPLANO OAB<br \/>\n PREV RJ\tPLANO FAM\u00cdLIA ASSOCIATIVA<br \/>\nA\tAtivo L\u00edquido In\u00edcio do Exerc\u00edcio\t151.665\t12.488<br \/>\n1\tAdi\u00e7\u00f5es\t18.419\t16.002<br \/>\n1.1\t   Contribui\u00e7\u00f5es\t18.419\t12.978<br \/>\n1.2\t   Resultado Positivo L\u00edquido dos Investimento &#8211; Gest\u00e3o Previdencial\t0\t3024<br \/>\n1.3\t   Revers\u00e3o Liquida de Conting\u00eancias &#8211; Gest\u00e3o Previdencial\t0\t0<br \/>\n2\tDestina\u00e7\u00f5es\t-55.792\t-784<br \/>\n2.1\t   Benef\u00edcios\t-26.175\t-481<br \/>\n2.2\t   Resultado Negativo L\u00edquido dos Investimento &#8211; Gest\u00e3o Previdencial\t-29.436\t-281<br \/>\n2.3\t   Constitui\u00e7\u00e3o Liquida de Conting\u00eancias &#8211; Gest\u00e3o Previdencial\t-16\t0<br \/>\n2.4\t   Custeio Administrativo\t-164\t-22<br \/>\n3\tAcr\u00e9scimo\/Decr\u00e9scimo no Ativo L\u00edquido (1+2)\t-37.373\t15.218<br \/>\n3.1\t   Provis\u00f5es Matem\u00e1ticas\t-37.373\t15.218<br \/>\n3.2\t   Super\u00e1vit\/D\u00e9ficit T\u00e9cnico do Exerc\u00edcio\t0\t0<br \/>\nB\tAtivo L\u00edquido Final do Exerc\u00edcio\t114.292\t27.706<br \/>\nC\tFundos N\u00e3o Previdenciais\t307\t254<br \/>\nApresenta-se abaixo o comparativo dos indicadores de Despesas Administrativas dos Planos de Benef\u00edcios.<\/p>\n<p>Data Base: 31\/12\/2019<br \/>\nDEMONSTRA\u00c7\u00c3O DAS DESPESAS ADMINISTRATIVAS \u2013 PLANOS (em  R$ mil)<br \/>\nDESCRI\u00c7\u00c3O\tPLANO OAB<br \/>\n PREV RJ\tPLANO FAM\u00cdLIA ASSOCIATIVA<br \/>\n2\tDespesas Administrativas\t-5.329\t-53<br \/>\n2.1\t   Administra\u00e7\u00e3o Previdencial\t-5.183\t-41<br \/>\n2.2\t   Administra\u00e7\u00e3o dos Investimentos\t-146\t-9<br \/>\n2.3\t   Outras Despesas\t0\t-3<\/p>\n<p>% Despesas de Administra\u00e7\u00e3o Previdencial \/ Despesas Administrativas\t97%\t77%<br \/>\n% Despesas de Administra\u00e7\u00e3o do Investimentos\/ Despesas Administrativas\t3%\t17%<br \/>\n% Outras Despesas \/ Despesas Administrativas\tzero\t6%<\/p>\n<p>A composi\u00e7\u00e3o das despesas administrativas est\u00e1 estabelecida entre Previdenciais e Investimentos. O Plano OAB PREV RJ possui 97% das despesas administrativas de origem previdencial e 3% de investimentos. J\u00e1 o Plano FAM\u00cdLIA ASSOCIATIVA tem 77% das despesas de origem previdencial, 17% de investimentos e 6% classificados como Outras Despesas.<\/p>\n<p>As despesas administrativas da Funda\u00e7\u00e3o Fam\u00edlia Previd\u00eancia s\u00e3o alocadas proporcionalmente \u00e0 participa\u00e7\u00e3o e ao envolvimento operacional nos respectivos planos, definida em tabela de rateio avaliada e aprovada anualmente pela gest\u00e3o da Entidade, de acordo com o que estabelece o Regulamento do PGA. Essas despesas s\u00e3o cobertas com recursos da Gest\u00e3o Previdencial dos Planos de Benef\u00edcios, do Fluxo de Investimentos, e dos recursos oriundo de estipula\u00e7\u00e3o de ap\u00f3lices de seguro, contrato de fideliza\u00e7\u00e3o com institui\u00e7\u00f5es financeiras e outros.<\/p>\n<p>Apresenta-se abaixo o comparativo das Taxas de Administra\u00e7\u00e3o e Carregamento dos Planos de Benef\u00edcios.<\/p>\n<p>DESCRI\u00c7\u00c3O\tOAB PREV RIO\tFAM\u00cdLIA ASSOCIATIVA<br \/>\nTaxa de Administra\u00e7\u00e3o\t1,3%\t1%<br \/>\nTaxa de Carregamento\t5%\tzero<\/p>\n<p>Para o Plano FAM\u00cdLIA PREVID\u00caNCIA ASSOCIATIVO a cobertura das despesas administrativas \u00e9 realizada com base na taxa de administra\u00e7\u00e3o de investimentos de 1% do patrim\u00f4nio do Plano de Benef\u00edcio. Da diferen\u00e7a entre a fonte de custeio e as respectivas despesas administrativas e remunera\u00e7\u00e3o auferida nos investimentos \u00e9 constitu\u00eddo ou revertido o fundo administrativo que \u00e9 registrado no Plano de Gest\u00e3o Administrativa por planos de benef\u00edcios. A pol\u00edtica de Investimentos aprovada para remunerar o saldo do fundo administrativo \u00e9 o segmento de renda fixa.<\/p>\n<p>5.      Comparativo da Estrutura de Governan\u00e7a das Entidades de Origem e de Destino, explicitando a representa\u00e7\u00e3o dos Patrocinadores e Participantes e Assistidos vinculados ao Plano Objeto de Transfer\u00eancia<\/p>\n<p>\u00d3RG\u00c3O ESTATUT\u00c1RIO\tOABPrev-RJ<br \/>\nEntidade de Origem\tFunda\u00e7\u00e3o Fam\u00edlia Previd\u00eancia<br \/>\nEntidade de Destino<br \/>\nCONSELHO DELIBERATIVO<br \/>\n\u00d3rg\u00e3o m\u00e1ximo da estrutura administrativa do OABPrev-RJ, de delibera\u00e7\u00e3o colegiada, respons\u00e1vel pela pol\u00edtica geral de sua administra\u00e7\u00e3o e dos planos de benef\u00edcios.<\/p>\n<p>1. COMPOSI\u00c7\u00c3O: 6 (seis) membros titulares e respectivos suplentes, composto da seguinte forma:<br \/>\n1\u00ba membro titular: indicado pelo Instituidor cuja soma do patrim\u00f4nio dos participantes e assistidos a ele vinculado for maior;<br \/>\n2\u00ba membro titular: indicado pelo Instituidor cuja soma do patrim\u00f4nio dos participantes e assistidos a ele vinculado for a segunda maior;<br \/>\n3\u00ba membro titular: indicado pelo Instituidor cujo n\u00famero de participantes e assistidos for maior;<br \/>\n4\u00ba membro titular: indicado pelo Instituidor cujo n\u00famero de participantes e assistidos for o segundo maior;<br \/>\n5\u00ba membro titular: primeiro mais votado em elei\u00e7\u00e3o direta realizada entre todos os participantes e assistidos;<br \/>\n6\u00ba membro titular: segundo mais votado em elei\u00e7\u00e3o direta realizada entre todos os participantes e assistidos.<\/p>\n<p>2. MANDATO: a (quatro anos), permitida uma recondu\u00e7\u00e3o.<\/p>\n<p>3. PRESIDENTE E VICE-PRESIDENTE:  eleitos dentre os membros do Conselho Deliberativo em elei\u00e7\u00e3o a ser realizada na primeira reuni\u00e3o do Conselho, com a presen\u00e7a m\u00ednima de 4 (quatro) membros. Det\u00e9m, al\u00e9m do voto pessoal, o voto de qualidade.<\/p>\n<p>4. REUNI\u00d5ES: reuni\u00f5es ordin\u00e1rias trimestrais e reuni\u00f5es extraordin\u00e1rias mediante convoca\u00e7\u00e3o do Presidente.<\/p>\n<p>5. DELIBERA\u00c7\u00d5ES: por maioria de votos, com a presen\u00e7a de, no m\u00ednimo, 4 (quatro) dos seus membros titulares ou respectivos suplentes, cabendo ao presidente, al\u00e9m do voto ordin\u00e1rio, o de qualidade. N\u00e3o atingido o qu\u00f3rum m\u00ednimo, deve ser convocada nova reuni\u00e3o a ser realizada nos 5 (cinco) dias seguintes, cujo qu\u00f3rum m\u00ednimo ser\u00e1 metade dos membros.<\/p>\n<p>\u00d3rg\u00e3o m\u00e1ximo da estrutura organizacional da Funda\u00e7\u00e3o Fam\u00edlia Previd\u00eancia, respons\u00e1vel pela defini\u00e7\u00e3o das diretrizes e pol\u00edtica geral de administra\u00e7\u00e3o da Entidade e dos seus Planos de Benef\u00edcios e exercer\u00e1 suas atribui\u00e7\u00f5es nos termos do Estatuto da Entidade.<\/p>\n<p>1. COMPOSI\u00c7\u00c3O: 6 (seis) membros titulares e 2 (dois) suplentes, sendo parit\u00e1ria sua composi\u00e7\u00e3o entre os representantes dos participantes e assistidos e dos patrocinadores: 3 (tr\u00eas) vagas indicadas por Patrocinadores e 3 (tr\u00eas) vagas indicadas por participantes e assistidos:<br \/>\nPara as vagas destinadas aos Patrocinadores\/Instituidores se considera o n\u00famero de participantes e assistidos vinculados a cada patrocinador\/instituidor, bem como o montante dos respectivos patrim\u00f4nios.<br \/>\nPara as vagas destinadas aos participantes, n\u00e3o h\u00e1 distin\u00e7\u00e3o de planos ou patrocinador\/instituidor por meio de elei\u00e7\u00e3o direta entre todos os participantes e assistidos.<\/p>\n<p>2. MANDATO: 4 (quatro) anos, com garantia de estabilidade, permitida uma recondu\u00e7\u00e3o, nos termos previstos na legisla\u00e7\u00e3o vigente.<\/p>\n<p>3. PRESIDENTE E VICE-PRESIDENTE: cabe aos Conselheiros investidos na titularidade representantes dos patrocinadores a indica\u00e7\u00e3o do Conselheiro Presidente e seu substituto eventual. Det\u00e9m, al\u00e9m do voto pessoal, o voto de qualidade.<\/p>\n<p>4. REUNI\u00d5ES: reuni\u00f5es ordin\u00e1rias mensais e reuni\u00f5es extraordin\u00e1rias mediante convoca\u00e7\u00e3o do Presidente.<\/p>\n<p>5. DELIBERA\u00c7\u00d5ES: Por maioria simples dos presentes. O Presidente do Conselho Deliberativo ter\u00e1, al\u00e9m do voto pessoal, o voto<br \/>\nde qualidade.<br \/>\nDIRETORIA EXECUTIVA\t\u00d3rg\u00e3o de administra\u00e7\u00e3o geral do OABPrev-RJ, cabendo-lhe tamb\u00e9m gerir os planos de benef\u00edcios, os seus recursos e programas, em estrita observ\u00e2ncia das normas legais, do Estatuto da Entidade, dos regimentos internos e do Regulamento dos planos, bem como executar as diretrizes fundamentais e cumprir a pol\u00edtica de administra\u00e7\u00e3o emanada do Conselho Deliberativo.<\/p>\n<p>1. COMPOSI\u00c7\u00c3O: 3 (tr\u00eas) membros, indicados pelo Conselho Deliberativo, com a seguinte composi\u00e7\u00e3o:<br \/>\n(i) Diretor Presidente;<br \/>\n(ii) Diretor Administrativo e de Benef\u00edcios e<br \/>\n(iii) Diretor Financeiro.<\/p>\n<p>2. MANDATO: 4 (quatro) anos, permitida uma recondu\u00e7\u00e3o.<\/p>\n<p>3. REUNI\u00d5ES: reuni\u00f5es ordin\u00e1rias mensais e extraordin\u00e1rias mediante convoca\u00e7\u00e3o do seu<br \/>\nDiretor Presidente ou por requerimento subscrito por qualquer dos outros diretores.<\/p>\n<p>4. DELIBERA\u00c7\u00d5ES: maioria de votos, com a presen\u00e7a de, no m\u00ednimo, 2 (dois) de seus membros.\t\u00d3rg\u00e3o de administra\u00e7\u00e3o geral da Funda\u00e7\u00e3o Fam\u00edlia Previd\u00eancia, cabendo-lhe precipuamente fazer executar as diretrizes fundamentais e cumprir as normas baixadas pelo Conselho Deliberativo, dentro dos objetivos por esse fixados de acordo com o Estatuto da Entidade.<\/p>\n<p>1. COMPOSI\u00c7\u00c3O: 3 (tr\u00eas) membros, sendo 2 (dois) nomeados e demiss\u00edveis a qualquer tempo pelo Conselho Deliberativo, e 1 (um) escolhido dentre os participantes e assistidos, por meio de elei\u00e7\u00e3o direta entre todos os participantes e assistidos, com a seguinte composi\u00e7\u00e3o:<br \/>\n(i) Diretor Presidente;<br \/>\n(ii) Diretor de Previd\u00eancia e<br \/>\n(iii) Diretor Financeiro.<\/p>\n<p>2. MANDATO: 2 (dois) anos, permitida uma recondu\u00e7\u00e3o.<\/p>\n<p>3. REUNI\u00d5ES: reuni\u00f5es ordin\u00e1rias mensais e extraordin\u00e1rias mediante convoca\u00e7\u00e3o do seu Diretor Presidente<\/p>\n<p>4. DELIBERA\u00c7\u00d5ES: Por maioria simples dos presentes. Em todos os casos, o Diretor-Presidente, al\u00e9m do voto pessoal, ter\u00e1 o de qualidade.<br \/>\nCONSELHO FISCAL\t\u00d3rg\u00e3o de controle interno e defiscaliza\u00e7\u00e3o do OABPrev-RJ.<\/p>\n<p>1. COMPOSI\u00c7\u00c3O: 3 (tr\u00eas) membros titulares e respectivos suplentes, com a seguinte distribui\u00e7\u00e3o:<br \/>\n1 (um) membro titular e respectivo suplente, representantes dos Instituidores, escolhido por vota\u00e7\u00e3o entre os Instituidores;<br \/>\n1 (um) membro titular com respectivo suplente, eleito por e dentre os Participantes e Assistidos, que obtiver o maior n\u00famero de votos, mediante processo de elei\u00e7\u00e3o direta;<br \/>\n1 (um) membro titular com respectivo suplente, eleito por e dentre os Participantes e Assistidos, que obtiver o segundo maior n\u00famero de votos, mediante processo de elei\u00e7\u00e3o direta.<\/p>\n<p>2. MANDATO: 4 (quatro) anos, permitida uma recondu\u00e7\u00e3o.<\/p>\n<p>3. CONSELHEIRO PRESIDENTE: eleito por e dentre os seus membros, cabendo a este escolher o seu vice. Deter\u00e1, al\u00e9m do voto pessoal, o voto de qualidade.<\/p>\n<p>4. REUNI\u00d5ES: reuni\u00f5es ordin\u00e1rias trimestrais e extraordin\u00e1rias por convoca\u00e7\u00e3o do Conselheiro Presidente, da<br \/>\nmaioria de seus membros ou do Conselho Deliberativo.<\/p>\n<p>5. DELIBERA\u00c7\u00d5ES: por maioria, com qu\u00f3rum m\u00ednimo de instala\u00e7\u00e3o do Conselho \u00e9 de 2 (dois) representantes. N\u00e3o atingindo qu\u00f3rum, ser\u00e1 convocada nova reuni\u00e3o, que se realizar\u00e1 no prazo de 5 (cinco) dias, contado da convoca\u00e7\u00e3o, que incluir\u00e1 os suplentes e se instalar\u00e1 com a presen\u00e7a de pelo menos 2 (dois) dos membros do Conselho Fiscal.\t\u00d3rg\u00e3o interno de controle e fiscaliza\u00e7\u00e3o da Funda\u00e7\u00e3o Fam\u00edlia Previd\u00eancia.<\/p>\n<p>1. COMPOSI\u00c7\u00c3O: 4 (quatro) membros titulares e 2 (dois) suplentes, sendo parit\u00e1ria sua composi\u00e7\u00e3o entre representantes dos patrocinadores e dos participantes e assistidos, sendo considerado o n\u00famero de participantes vinculados a cada patrocinador\/instituidor, bem como o montante dos respectivos patrim\u00f4nios, nesta ordem. Quanto aos membros indicados pelos participantes e assistidos, se dar\u00e1 por meio de elei\u00e7\u00e3o direta.<\/p>\n<p>2. MANDATO: 4 (quatro) anos, vedada a recondu\u00e7\u00e3o.<\/p>\n<p>3. CONSELHEIRO PRESIDENTE: cabe aos Conselheiros representantes dos participantes e assistidos a indica\u00e7\u00e3o do Conselheiro Presidente e seu substituto eventual, cujo mandato ser\u00e1 de 2 (dois) anos e deter\u00e1, al\u00e9m do voto pessoal, o voto de qualidade.<\/p>\n<p>4. REUNI\u00d5ES: reuni\u00f5es ordin\u00e1rias mensais e extraordin\u00e1rias mediante convoca\u00e7\u00e3o do Conselheiro Presidente.<\/p>\n<p>5. DELIBERA\u00c7\u00d5ES: por maioria simples dos membros presentes.<\/p>\n","protected":false},"excerpt":{"rendered":"<p>Rio de Janeiro, 17 de novembro de 2020 Prezado(a) participante ou assistido(a), Assunto: Transfer\u00eancia de Gerenciamento do Plano Comunicamos que, atrav\u00e9s do Of\u00edcio Conjunto OAB-RJ\/CAARJ\/GAB\/PRESI n\u00ba 011\/2020, ambas as Instituidoras, OAB-RJ e CAARJ formalizaram a sua decis\u00e3o de transferir o gerenciamento do Plano Previdenci\u00e1rio \u201cRJ-Prev\u201d para outra Entidade Fechada de Previd\u00eancia Complementar, denominada \u201cFunda\u00e7\u00e3o Fam\u00edlia [&hellip;]<\/p>\n","protected":false},"author":2,"featured_media":0,"comment_status":"closed","ping_status":"closed","sticky":false,"template":"","format":"standard","meta":{"rs_blank_template":"","rs_page_bg_color":"","slide_template_v7":"","_joinchat":[],"footnotes":""},"categories":[6],"tags":[],"class_list":["post-2151","post","type-post","status-publish","format-standard","hentry","category-sem-categoria"],"yoast_head":"<!-- This site is optimized with the Yoast SEO plugin v27.4 - https:\/\/yoast.com\/product\/yoast-seo-wordpress\/ -->\n<title>COMUNICADO IMPORTANTE - OAB Prev<\/title>\n<meta name=\"robots\" content=\"index, follow, max-snippet:-1, max-image-preview:large, max-video-preview:-1\" \/>\n<link rel=\"canonical\" href=\"https:\/\/www.oabprev-rj.com.br\/wp\/comunicado-importante-3\/\" \/>\n<meta property=\"og:locale\" content=\"pt_BR\" \/>\n<meta property=\"og:type\" content=\"article\" \/>\n<meta property=\"og:title\" content=\"COMUNICADO IMPORTANTE - OAB Prev\" \/>\n<meta property=\"og:description\" content=\"Rio de Janeiro, 17 de novembro de 2020 Prezado(a) participante ou assistido(a), Assunto: Transfer\u00eancia de Gerenciamento do Plano Comunicamos que, atrav\u00e9s do Of\u00edcio Conjunto OAB-RJ\/CAARJ\/GAB\/PRESI n\u00ba 011\/2020, ambas as Instituidoras, OAB-RJ e CAARJ formalizaram a sua decis\u00e3o de transferir o gerenciamento do Plano Previdenci\u00e1rio \u201cRJ-Prev\u201d para outra Entidade Fechada de Previd\u00eancia Complementar, denominada \u201cFunda\u00e7\u00e3o Fam\u00edlia [&hellip;]\" \/>\n<meta property=\"og:url\" content=\"https:\/\/www.oabprev-rj.com.br\/wp\/comunicado-importante-3\/\" \/>\n<meta property=\"og:site_name\" content=\"OAB Prev\" \/>\n<meta property=\"article:published_time\" content=\"2020-11-18T00:45:19+00:00\" \/>\n<meta name=\"author\" content=\"OABPrev-RJ\" \/>\n<meta name=\"twitter:card\" content=\"summary_large_image\" \/>\n<meta name=\"twitter:label1\" content=\"Escrito por\" \/>\n\t<meta name=\"twitter:data1\" content=\"OABPrev-RJ\" \/>\n\t<meta name=\"twitter:label2\" content=\"Est. tempo de leitura\" \/>\n\t<meta name=\"twitter:data2\" content=\"12 minutos\" \/>\n<script type=\"application\/ld+json\" class=\"yoast-schema-graph\">{\"@context\":\"https:\\\/\\\/schema.org\",\"@graph\":[{\"@type\":\"Article\",\"@id\":\"https:\\\/\\\/www.oabprev-rj.com.br\\\/wp\\\/comunicado-importante-3\\\/#article\",\"isPartOf\":{\"@id\":\"https:\\\/\\\/www.oabprev-rj.com.br\\\/wp\\\/comunicado-importante-3\\\/\"},\"author\":{\"name\":\"OABPrev-RJ\",\"@id\":\"https:\\\/\\\/www.oabprev-rj.com.br\\\/wp\\\/#\\\/schema\\\/person\\\/2ea75bac51da3800a86ab6e7c12a3aa5\"},\"headline\":\"COMUNICADO IMPORTANTE\",\"datePublished\":\"2020-11-18T00:45:19+00:00\",\"mainEntityOfPage\":{\"@id\":\"https:\\\/\\\/www.oabprev-rj.com.br\\\/wp\\\/comunicado-importante-3\\\/\"},\"wordCount\":2306,\"inLanguage\":\"pt-BR\"},{\"@type\":\"WebPage\",\"@id\":\"https:\\\/\\\/www.oabprev-rj.com.br\\\/wp\\\/comunicado-importante-3\\\/\",\"url\":\"https:\\\/\\\/www.oabprev-rj.com.br\\\/wp\\\/comunicado-importante-3\\\/\",\"name\":\"COMUNICADO IMPORTANTE - OAB Prev\",\"isPartOf\":{\"@id\":\"https:\\\/\\\/www.oabprev-rj.com.br\\\/wp\\\/#website\"},\"datePublished\":\"2020-11-18T00:45:19+00:00\",\"author\":{\"@id\":\"https:\\\/\\\/www.oabprev-rj.com.br\\\/wp\\\/#\\\/schema\\\/person\\\/2ea75bac51da3800a86ab6e7c12a3aa5\"},\"breadcrumb\":{\"@id\":\"https:\\\/\\\/www.oabprev-rj.com.br\\\/wp\\\/comunicado-importante-3\\\/#breadcrumb\"},\"inLanguage\":\"pt-BR\",\"potentialAction\":[{\"@type\":\"ReadAction\",\"target\":[\"https:\\\/\\\/www.oabprev-rj.com.br\\\/wp\\\/comunicado-importante-3\\\/\"]}]},{\"@type\":\"BreadcrumbList\",\"@id\":\"https:\\\/\\\/www.oabprev-rj.com.br\\\/wp\\\/comunicado-importante-3\\\/#breadcrumb\",\"itemListElement\":[{\"@type\":\"ListItem\",\"position\":1,\"name\":\"In\u00edcio\",\"item\":\"https:\\\/\\\/www.oabprev-rj.com.br\\\/wp\\\/\"},{\"@type\":\"ListItem\",\"position\":2,\"name\":\"COMUNICADO IMPORTANTE\"}]},{\"@type\":\"WebSite\",\"@id\":\"https:\\\/\\\/www.oabprev-rj.com.br\\\/wp\\\/#website\",\"url\":\"https:\\\/\\\/www.oabprev-rj.com.br\\\/wp\\\/\",\"name\":\"OAB Prev\",\"description\":\"OAB Prev\",\"potentialAction\":[{\"@type\":\"SearchAction\",\"target\":{\"@type\":\"EntryPoint\",\"urlTemplate\":\"https:\\\/\\\/www.oabprev-rj.com.br\\\/wp\\\/?s={search_term_string}\"},\"query-input\":{\"@type\":\"PropertyValueSpecification\",\"valueRequired\":true,\"valueName\":\"search_term_string\"}}],\"inLanguage\":\"pt-BR\"},{\"@type\":\"Person\",\"@id\":\"https:\\\/\\\/www.oabprev-rj.com.br\\\/wp\\\/#\\\/schema\\\/person\\\/2ea75bac51da3800a86ab6e7c12a3aa5\",\"name\":\"OABPrev-RJ\",\"image\":{\"@type\":\"ImageObject\",\"inLanguage\":\"pt-BR\",\"@id\":\"https:\\\/\\\/secure.gravatar.com\\\/avatar\\\/a52c950ac5654352f4ee0344ac3b8d8df0dc639029a62c61195dd18b3a8de7fb?s=96&d=mm&r=g\",\"url\":\"https:\\\/\\\/secure.gravatar.com\\\/avatar\\\/a52c950ac5654352f4ee0344ac3b8d8df0dc639029a62c61195dd18b3a8de7fb?s=96&d=mm&r=g\",\"contentUrl\":\"https:\\\/\\\/secure.gravatar.com\\\/avatar\\\/a52c950ac5654352f4ee0344ac3b8d8df0dc639029a62c61195dd18b3a8de7fb?s=96&d=mm&r=g\",\"caption\":\"OABPrev-RJ\"},\"url\":\"https:\\\/\\\/www.oabprev-rj.com.br\\\/wp\\\/author\\\/oabprev-rj\\\/\"}]}<\/script>\n<!-- \/ Yoast SEO plugin. -->","yoast_head_json":{"title":"COMUNICADO IMPORTANTE - OAB Prev","robots":{"index":"index","follow":"follow","max-snippet":"max-snippet:-1","max-image-preview":"max-image-preview:large","max-video-preview":"max-video-preview:-1"},"canonical":"https:\/\/www.oabprev-rj.com.br\/wp\/comunicado-importante-3\/","og_locale":"pt_BR","og_type":"article","og_title":"COMUNICADO IMPORTANTE - OAB Prev","og_description":"Rio de Janeiro, 17 de novembro de 2020 Prezado(a) participante ou assistido(a), Assunto: Transfer\u00eancia de Gerenciamento do Plano Comunicamos que, atrav\u00e9s do Of\u00edcio Conjunto OAB-RJ\/CAARJ\/GAB\/PRESI n\u00ba 011\/2020, ambas as Instituidoras, OAB-RJ e CAARJ formalizaram a sua decis\u00e3o de transferir o gerenciamento do Plano Previdenci\u00e1rio \u201cRJ-Prev\u201d para outra Entidade Fechada de Previd\u00eancia Complementar, denominada \u201cFunda\u00e7\u00e3o Fam\u00edlia [&hellip;]","og_url":"https:\/\/www.oabprev-rj.com.br\/wp\/comunicado-importante-3\/","og_site_name":"OAB Prev","article_published_time":"2020-11-18T00:45:19+00:00","author":"OABPrev-RJ","twitter_card":"summary_large_image","twitter_misc":{"Escrito por":"OABPrev-RJ","Est. tempo de leitura":"12 minutos"},"schema":{"@context":"https:\/\/schema.org","@graph":[{"@type":"Article","@id":"https:\/\/www.oabprev-rj.com.br\/wp\/comunicado-importante-3\/#article","isPartOf":{"@id":"https:\/\/www.oabprev-rj.com.br\/wp\/comunicado-importante-3\/"},"author":{"name":"OABPrev-RJ","@id":"https:\/\/www.oabprev-rj.com.br\/wp\/#\/schema\/person\/2ea75bac51da3800a86ab6e7c12a3aa5"},"headline":"COMUNICADO IMPORTANTE","datePublished":"2020-11-18T00:45:19+00:00","mainEntityOfPage":{"@id":"https:\/\/www.oabprev-rj.com.br\/wp\/comunicado-importante-3\/"},"wordCount":2306,"inLanguage":"pt-BR"},{"@type":"WebPage","@id":"https:\/\/www.oabprev-rj.com.br\/wp\/comunicado-importante-3\/","url":"https:\/\/www.oabprev-rj.com.br\/wp\/comunicado-importante-3\/","name":"COMUNICADO IMPORTANTE - OAB Prev","isPartOf":{"@id":"https:\/\/www.oabprev-rj.com.br\/wp\/#website"},"datePublished":"2020-11-18T00:45:19+00:00","author":{"@id":"https:\/\/www.oabprev-rj.com.br\/wp\/#\/schema\/person\/2ea75bac51da3800a86ab6e7c12a3aa5"},"breadcrumb":{"@id":"https:\/\/www.oabprev-rj.com.br\/wp\/comunicado-importante-3\/#breadcrumb"},"inLanguage":"pt-BR","potentialAction":[{"@type":"ReadAction","target":["https:\/\/www.oabprev-rj.com.br\/wp\/comunicado-importante-3\/"]}]},{"@type":"BreadcrumbList","@id":"https:\/\/www.oabprev-rj.com.br\/wp\/comunicado-importante-3\/#breadcrumb","itemListElement":[{"@type":"ListItem","position":1,"name":"In\u00edcio","item":"https:\/\/www.oabprev-rj.com.br\/wp\/"},{"@type":"ListItem","position":2,"name":"COMUNICADO IMPORTANTE"}]},{"@type":"WebSite","@id":"https:\/\/www.oabprev-rj.com.br\/wp\/#website","url":"https:\/\/www.oabprev-rj.com.br\/wp\/","name":"OAB Prev","description":"OAB Prev","potentialAction":[{"@type":"SearchAction","target":{"@type":"EntryPoint","urlTemplate":"https:\/\/www.oabprev-rj.com.br\/wp\/?s={search_term_string}"},"query-input":{"@type":"PropertyValueSpecification","valueRequired":true,"valueName":"search_term_string"}}],"inLanguage":"pt-BR"},{"@type":"Person","@id":"https:\/\/www.oabprev-rj.com.br\/wp\/#\/schema\/person\/2ea75bac51da3800a86ab6e7c12a3aa5","name":"OABPrev-RJ","image":{"@type":"ImageObject","inLanguage":"pt-BR","@id":"https:\/\/secure.gravatar.com\/avatar\/a52c950ac5654352f4ee0344ac3b8d8df0dc639029a62c61195dd18b3a8de7fb?s=96&d=mm&r=g","url":"https:\/\/secure.gravatar.com\/avatar\/a52c950ac5654352f4ee0344ac3b8d8df0dc639029a62c61195dd18b3a8de7fb?s=96&d=mm&r=g","contentUrl":"https:\/\/secure.gravatar.com\/avatar\/a52c950ac5654352f4ee0344ac3b8d8df0dc639029a62c61195dd18b3a8de7fb?s=96&d=mm&r=g","caption":"OABPrev-RJ"},"url":"https:\/\/www.oabprev-rj.com.br\/wp\/author\/oabprev-rj\/"}]}},"_links":{"self":[{"href":"https:\/\/www.oabprev-rj.com.br\/wp\/wp-json\/wp\/v2\/posts\/2151","targetHints":{"allow":["GET"]}}],"collection":[{"href":"https:\/\/www.oabprev-rj.com.br\/wp\/wp-json\/wp\/v2\/posts"}],"about":[{"href":"https:\/\/www.oabprev-rj.com.br\/wp\/wp-json\/wp\/v2\/types\/post"}],"author":[{"embeddable":true,"href":"https:\/\/www.oabprev-rj.com.br\/wp\/wp-json\/wp\/v2\/users\/2"}],"replies":[{"embeddable":true,"href":"https:\/\/www.oabprev-rj.com.br\/wp\/wp-json\/wp\/v2\/comments?post=2151"}],"version-history":[{"count":0,"href":"https:\/\/www.oabprev-rj.com.br\/wp\/wp-json\/wp\/v2\/posts\/2151\/revisions"}],"wp:attachment":[{"href":"https:\/\/www.oabprev-rj.com.br\/wp\/wp-json\/wp\/v2\/media?parent=2151"}],"wp:term":[{"taxonomy":"category","embeddable":true,"href":"https:\/\/www.oabprev-rj.com.br\/wp\/wp-json\/wp\/v2\/categories?post=2151"},{"taxonomy":"post_tag","embeddable":true,"href":"https:\/\/www.oabprev-rj.com.br\/wp\/wp-json\/wp\/v2\/tags?post=2151"}],"curies":[{"name":"wp","href":"https:\/\/api.w.org\/{rel}","templated":true}]}}